{"id":18436,"date":"2022-06-09T11:33:28","date_gmt":"2022-06-09T09:33:28","guid":{"rendered":"https:\/\/www.travel-insight.fr\/how-does-interhome-fit-in-with-the-growing-number-of-vacation-rental-platforms\/"},"modified":"2024-09-02T16:20:33","modified_gmt":"2024-09-02T14:20:33","slug":"how-does-interhome-fit-in-with-the-growing-number-of-vacation-rental-platforms","status":"publish","type":"post","link":"https:\/\/www.travel-insight.fr\/en\/how-does-interhome-fit-in-with-the-growing-number-of-vacation-rental-platforms\/","title":{"rendered":"How does Interhome fit in with the growing number of vacation rental platforms?"},"content":{"rendered":"\n<p class=\"has-text-align-justify\">Interhome has been the vacation rental specialist in France and Europe since 1965.\n35,000 houses, apartments and chalets for vacations by the sea, in the mountains, in the countryside or in the city.\nThere&#8217;s something to suit every taste.\nInterhome is renowned for the quality of its accommodation, carefully selected and managed by its agencies.\nA vacation rental with Interhome guarantees a quality stay.    <\/p>\n\n<p class=\"has-text-align-justify\">How does Interhome fit in with the growing number of vacation rental platforms?<strong><u><\/u><\/strong><\/p>\n\n<p>Let&#8217;s meet Sarah Meyer, Sales and Marketing Director.  <\/p>\n\n<hr class=\"wp-block-separator\"\/>\n\n<div style=\"height:12px\" aria-hidden=\"true\" class=\"wp-block-spacer\"><\/div>\n\n<p class=\"has-normal-font-size\">1<strong> &#8211; Can you tell us a bit about yourself and the history of Interhome?<\/strong><\/p>\n\n<div class=\"wp-block-image\"><figure class=\"alignleft size-full\"><img fetchpriority=\"high\" decoding=\"async\" width=\"520\" height=\"140\" src=\"https:\/\/www.travel-insight.fr\/wp-content\/uploads\/2022\/06\/Interhome_Logo_2021.png\" alt=\"\" class=\"wp-image-6295\" srcset=\"https:\/\/www.travel-insight.fr\/wp-content\/uploads\/2022\/06\/Interhome_Logo_2021.png 520w, https:\/\/www.travel-insight.fr\/wp-content\/uploads\/2022\/06\/Interhome_Logo_2021-300x81.png 300w\" sizes=\"(max-width: 520px) 100vw, 520px\" \/><\/figure><\/div>\n\n<p class=\"has-text-align-justify\">Interhome was founded in London in 1965 by two Swiss tourism pioneers.\nThe idea was to make cold beds in resorts profitable by marketing them to travelers who wanted to spend individual vacations in total privacy, without staying in a hotel or using camping, caravanning or club accommodation. <\/p>\n\n<p class=\"has-text-align-justify\">It&#8217;s as relevant today as it&#8217;s ever been!<\/p>\n\n<p class=\"has-text-align-justify\">Today, Interhome manages and markets more than 35,000 rentals in 27 countries (mainly in Europe) on behalf of owners looking to make the most of their second homes.<\/p>\n\n<p class=\"has-text-align-justify\">My current position allows me to stay close to the Group&#8217;s strategy and teams in Switzerland, while working on the French market.\nIt&#8217;s a very important market for both owners and customers, and very different from the others in Europe!\nHow exciting!  <\/p>\n\n<p class=\"has-normal-font-size\"><strong>2 &#8211; What makes you stand out from the competition?\nLike Airbnb, for example. <\/strong><\/p>\n\n<p class=\"has-text-align-justify\">Interhome is not a matchmaking platform, it&#8217;s much more LOL!<\/p>\n\n<p class=\"has-text-align-justify\">Our status as a travel agent allows us to market our offer in France and abroad, in B2B and B2C!<\/p>\n\n<p class=\"has-text-align-justify\">Thanks to its status as a real estate agent, we offer a full or partial management service to thousands of owners who want to make the most of their property.  <strong><em> <\/em><\/strong><\/p>\n\n<p class=\"has-text-align-justify\">On the customer side, Interhome welcomes and accompanies holidaymakers throughout their stay: on-site reception in our 200 agencies or local partners, 24\/7 hotline.\nWe also offer additional services: linen, wifi, cot, stroller, etc. <\/p>\n\n<p class=\"has-text-align-justify\">Travel agency, real estate agency and concierge service: Interhome masters the entire system, to the utmost satisfaction of owners and holidaymakers alike.\nEach property is checked and inspected by our teams to ensure the utmost peace of mind, both for owners who are often away, and for customers wishing to stay in a quality-certified rental property. <\/p>\n\n<p class=\"has-normal-font-size\"><strong>3 &#8211; Sustainability is one of Interhome&#8217;s main concerns. Can you tell us about it?<\/strong><\/p>\n\n<p class=\"has-text-align-justify\">Indeed, our Swiss parent company is very sensitive to the future of the planet and very committed to local, quality tourism.\nWe are also signatories to the Glasgow agreements, and are aiming for carbon neutrality for our agencies by 2024.\nWhat&#8217;s more, we are also raising awareness of our eco-responsibility approach among all our employees, partners, owners and holidaymakers.  <\/p>\n\n<p class=\"has-normal-font-size\"><strong>4 &#8211; Have you noticed any change in your travelers&#8217; purchasing behavior since the crisis?<\/strong><\/p>\n\n<p class=\"has-text-align-justify\">Demand for vacation rentals continues to grow, in line with the results of the study we carried out with IFOP on French tourism habits and expectations.<\/p>\n\n<p class=\"has-text-align-justify\">The winter season exceeded all our expectations!<br\/>Now that the constraints associated with the health crisis have eased even further, more and more French people are moving abroad.<\/p>\n\n<p class=\"has-text-align-justify\">France is still the big winner, but Spain, Italy, Portugal, Greece and Croatia are regaining ground.\nIt&#8217;s all very encouraging! <\/p>\n\n<p class=\"has-normal-font-size\"><strong>5 &#8211; Why choose Travel-Insight for your digital communications?<\/strong><\/p>\n\n<p><\/p>\n\n<p class=\"has-text-align-justify\">The vacation rental market has been booming for the past ten years, with a sharp acceleration due to the pandemic.<\/p>\n\n<p class=\"has-text-align-justify\">Many new business models have emerged over the last few years, so we need to adapt our communication and strategy <a href=\"https:\/\/www.facebook.com\/interhomefr\">on social networks. <\/a>The Travel-Insight teams seemed to be just what we needed!<\/p>\n<p><div class=\"video-container\"><iframe src=\"https:\/\/www.facebook.com\/plugins\/video.php?height=476&amp;href=https%3A%2F%2Fwww.facebook.com%2Finterhomefr%2Fvideos%2F1065331004065578%2F&amp;show_text=true&amp;width=476&amp;t=0\" width=\"476\" height=\"591\" style=\"border:none;overflow:hidden\" scrolling=\"no\" frameborder=\"0\" allowfullscreen=\"true\" allow=\"autoplay; clipboard-write; encrypted-media; picture-in-picture; web-share\"><\/iframe><\/div><\/p>\n\n<p class=\"has-normal-font-size\"><strong>6 &#8211; Do you have any plans for 2022?<\/strong><\/p>\n\n<p class=\"has-text-align-justify\">The list is almost too long LOL!\nAmong the most important: <\/p>\n\n<ul class=\"wp-block-list\"><li>Opening new branches in France and elsewhere in Europe<\/li><li>Rebranding our local branches<\/li><\/ul>\n<p class=\"has-text-align-justify\">Throughout the year, Interhome is proud to support numerous sporting and cultural events in France, both nationally and locally, through its 41 branches.\nOur involvement in local life and our roots in the resorts are part of our development strategy and are bearing fruit. <\/p>\n\n<p class=\"has-normal-font-size\"><strong>7 &#8211; What message would you like to convey to French tourism professionals and travelers?<\/strong><\/p>\n\n<p class=\"has-text-align-justify\">Vacation rentals are an exciting, dynamic and constantly evolving market (and this is just the beginning)!\nIt&#8217;s also a great alternative for local tourism, free of constraints and accessible to all. <\/p>\n\n<p class=\"has-text-align-justify\">This category will eventually find its place in the tourism industry!\nI certainly hope so! <\/p>\n\n<p class=\"has-normal-font-size\">8 <strong>&#8211; The final word?<\/strong><\/p>\n\n<p class=\"has-text-align-justify\">Make the most of summer and book your vacation rental, a simple way to get together with your family and tribe and share real moments of conviviality!<\/p>\n","protected":false},"excerpt":{"rendered":"<p>Interhome has been the vacation rental specialist in France and Europe since 1965. 35,000 houses, apartments and chalets for vacations by the sea, in the mountains, in the countryside or in the city. There&#8217;s something to suit every taste. Interhome is renowned for the quality of its accommodation, carefully selected and managed by its agencies.&hellip; <a class=\"more-link\" href=\"https:\/\/www.travel-insight.fr\/en\/how-does-interhome-fit-in-with-the-growing-number-of-vacation-rental-platforms\/\">Continue reading <span class=\"screen-reader-text\">How does Interhome fit in with the growing number of vacation rental platforms?<\/span><\/a><\/p>\n","protected":false},"author":1,"featured_media":14936,"comment_status":"closed","ping_status":"closed","sticky":false,"template":"","format":"standard","meta":{"_acf_changed":false,"footnotes":""},"categories":[553],"tags":[],"class_list":["post-18436","post","type-post","status-publish","format-standard","has-post-thumbnail","hentry","category-interviews-en","entry"],"acf":[],"yoast_head":"<!-- This site is optimized with the Yoast SEO Premium plugin v23.4 (Yoast SEO v27.5) - https:\/\/yoast.com\/product\/yoast-seo-premium-wordpress\/ -->\n<title>How does Interhome fit in with the growing number of vacation rental platforms? &#8211; Travel Insight<\/title>\n<meta name=\"description\" content=\"How does Interhome hold its own against the competition? Interview with Sarah Meyer, Sales and Marketing Director\" \/>\n<meta name=\"robots\" content=\"index, follow, max-snippet:-1, max-image-preview:large, max-video-preview:-1\" \/>\n<link rel=\"canonical\" href=\"https:\/\/www.travel-insight.fr\/en\/how-does-interhome-fit-in-with-the-growing-number-of-vacation-rental-platforms\/\" \/>\n<meta property=\"og:locale\" content=\"en_US\" \/>\n<meta property=\"og:type\" content=\"article\" \/>\n<meta property=\"og:title\" content=\"How does Interhome fit in with the growing number of vacation rental platforms?\" \/>\n<meta property=\"og:description\" content=\"How does Interhome hold its own against the competition? Interview with Sarah Meyer, Sales and Marketing Director\" \/>\n<meta property=\"og:url\" content=\"https:\/\/www.travel-insight.fr\/en\/how-does-interhome-fit-in-with-the-growing-number-of-vacation-rental-platforms\/\" \/>\n<meta property=\"og:site_name\" content=\"Travel Insight\" \/>\n<meta property=\"article:publisher\" content=\"https:\/\/fr-fr.facebook.com\/travelinsightfr\/\" \/>\n<meta property=\"article:published_time\" content=\"2022-06-09T09:33:28+00:00\" \/>\n<meta property=\"article:modified_time\" content=\"2024-09-02T14:20:33+00:00\" \/>\n<meta property=\"og:image\" content=\"https:\/\/www.travel-insight.fr\/wp-content\/uploads\/2022\/06\/ARTICLES-NOUVEAU-SITE-copie.jpg\" \/>\n\t<meta property=\"og:image:width\" content=\"1200\" \/>\n\t<meta property=\"og:image:height\" content=\"675\" \/>\n\t<meta property=\"og:image:type\" content=\"image\/jpeg\" \/>\n<meta name=\"author\" content=\"Stanislas Lucien\" \/>\n<meta name=\"twitter:card\" content=\"summary_large_image\" \/>\n<meta name=\"twitter:creator\" content=\"@https:\/\/twitter.com\/lustanislas?lang=fr\" \/>\n<meta name=\"twitter:site\" content=\"@travelinsightfr\" \/>\n<meta name=\"twitter:label1\" content=\"Written by\" \/>\n\t<meta name=\"twitter:data1\" content=\"Stanislas Lucien\" \/>\n\t<meta name=\"twitter:label2\" content=\"Est. reading time\" \/>\n\t<meta name=\"twitter:data2\" content=\"4 minutes\" \/>\n<script type=\"application\/ld+json\" class=\"yoast-schema-graph\">{\"@context\":\"https:\\\/\\\/schema.org\",\"@graph\":[{\"@type\":\"Article\",\"@id\":\"https:\\\/\\\/www.travel-insight.fr\\\/en\\\/how-does-interhome-fit-in-with-the-growing-number-of-vacation-rental-platforms\\\/#article\",\"isPartOf\":{\"@id\":\"https:\\\/\\\/www.travel-insight.fr\\\/en\\\/how-does-interhome-fit-in-with-the-growing-number-of-vacation-rental-platforms\\\/\"},\"author\":{\"name\":\"Stanislas Lucien\",\"@id\":\"https:\\\/\\\/www.travel-insight.fr\\\/en\\\/#\\\/schema\\\/person\\\/2eb584d7c26497ac1a033e25615bb12b\"},\"headline\":\"How does Interhome fit in with the growing number of vacation rental platforms?\",\"datePublished\":\"2022-06-09T09:33:28+00:00\",\"dateModified\":\"2024-09-02T14:20:33+00:00\",\"mainEntityOfPage\":{\"@id\":\"https:\\\/\\\/www.travel-insight.fr\\\/en\\\/how-does-interhome-fit-in-with-the-growing-number-of-vacation-rental-platforms\\\/\"},\"wordCount\":792,\"publisher\":{\"@id\":\"https:\\\/\\\/www.travel-insight.fr\\\/en\\\/#organization\"},\"image\":{\"@id\":\"https:\\\/\\\/www.travel-insight.fr\\\/en\\\/how-does-interhome-fit-in-with-the-growing-number-of-vacation-rental-platforms\\\/#primaryimage\"},\"thumbnailUrl\":\"https:\\\/\\\/www.travel-insight.fr\\\/wp-content\\\/uploads\\\/2022\\\/06\\\/ARTICLES-NOUVEAU-SITE-copie.jpg\",\"articleSection\":[\"Interviews\"],\"inLanguage\":\"en-US\"},{\"@type\":\"WebPage\",\"@id\":\"https:\\\/\\\/www.travel-insight.fr\\\/en\\\/how-does-interhome-fit-in-with-the-growing-number-of-vacation-rental-platforms\\\/\",\"url\":\"https:\\\/\\\/www.travel-insight.fr\\\/en\\\/how-does-interhome-fit-in-with-the-growing-number-of-vacation-rental-platforms\\\/\",\"name\":\"How does Interhome fit in with the growing number of vacation rental platforms? &#8211; Travel Insight\",\"isPartOf\":{\"@id\":\"https:\\\/\\\/www.travel-insight.fr\\\/en\\\/#website\"},\"primaryImageOfPage\":{\"@id\":\"https:\\\/\\\/www.travel-insight.fr\\\/en\\\/how-does-interhome-fit-in-with-the-growing-number-of-vacation-rental-platforms\\\/#primaryimage\"},\"image\":{\"@id\":\"https:\\\/\\\/www.travel-insight.fr\\\/en\\\/how-does-interhome-fit-in-with-the-growing-number-of-vacation-rental-platforms\\\/#primaryimage\"},\"thumbnailUrl\":\"https:\\\/\\\/www.travel-insight.fr\\\/wp-content\\\/uploads\\\/2022\\\/06\\\/ARTICLES-NOUVEAU-SITE-copie.jpg\",\"datePublished\":\"2022-06-09T09:33:28+00:00\",\"dateModified\":\"2024-09-02T14:20:33+00:00\",\"description\":\"How does Interhome hold its own against the competition? Interview with Sarah Meyer, Sales and Marketing Director\",\"breadcrumb\":{\"@id\":\"https:\\\/\\\/www.travel-insight.fr\\\/en\\\/how-does-interhome-fit-in-with-the-growing-number-of-vacation-rental-platforms\\\/#breadcrumb\"},\"inLanguage\":\"en-US\",\"potentialAction\":[{\"@type\":\"ReadAction\",\"target\":[\"https:\\\/\\\/www.travel-insight.fr\\\/en\\\/how-does-interhome-fit-in-with-the-growing-number-of-vacation-rental-platforms\\\/\"]}]},{\"@type\":\"ImageObject\",\"inLanguage\":\"en-US\",\"@id\":\"https:\\\/\\\/www.travel-insight.fr\\\/en\\\/how-does-interhome-fit-in-with-the-growing-number-of-vacation-rental-platforms\\\/#primaryimage\",\"url\":\"https:\\\/\\\/www.travel-insight.fr\\\/wp-content\\\/uploads\\\/2022\\\/06\\\/ARTICLES-NOUVEAU-SITE-copie.jpg\",\"contentUrl\":\"https:\\\/\\\/www.travel-insight.fr\\\/wp-content\\\/uploads\\\/2022\\\/06\\\/ARTICLES-NOUVEAU-SITE-copie.jpg\",\"width\":1200,\"height\":675},{\"@type\":\"BreadcrumbList\",\"@id\":\"https:\\\/\\\/www.travel-insight.fr\\\/en\\\/how-does-interhome-fit-in-with-the-growing-number-of-vacation-rental-platforms\\\/#breadcrumb\",\"itemListElement\":[{\"@type\":\"ListItem\",\"position\":1,\"name\":\"Accueil\",\"item\":\"https:\\\/\\\/www.travel-insight.fr\\\/en\\\/\"},{\"@type\":\"ListItem\",\"position\":2,\"name\":\"How does Interhome fit in with the growing number of vacation rental platforms?\"}]},{\"@type\":\"WebSite\",\"@id\":\"https:\\\/\\\/www.travel-insight.fr\\\/en\\\/#website\",\"url\":\"https:\\\/\\\/www.travel-insight.fr\\\/en\\\/\",\"name\":\"Travel-Insight\",\"description\":\"Agence de communication tourisme\",\"publisher\":{\"@id\":\"https:\\\/\\\/www.travel-insight.fr\\\/en\\\/#organization\"},\"potentialAction\":[{\"@type\":\"SearchAction\",\"target\":{\"@type\":\"EntryPoint\",\"urlTemplate\":\"https:\\\/\\\/www.travel-insight.fr\\\/en\\\/?s={search_term_string}\"},\"query-input\":{\"@type\":\"PropertyValueSpecification\",\"valueRequired\":true,\"valueName\":\"search_term_string\"}}],\"inLanguage\":\"en-US\"},{\"@type\":\"Organization\",\"@id\":\"https:\\\/\\\/www.travel-insight.fr\\\/en\\\/#organization\",\"name\":\"Travel-Insight\",\"url\":\"https:\\\/\\\/www.travel-insight.fr\\\/en\\\/\",\"logo\":{\"@type\":\"ImageObject\",\"inLanguage\":\"en-US\",\"@id\":\"https:\\\/\\\/www.travel-insight.fr\\\/en\\\/#\\\/schema\\\/logo\\\/image\\\/\",\"url\":\"https:\\\/\\\/www.travel-insight.fr\\\/wp-content\\\/uploads\\\/2020\\\/06\\\/logo-travel-insight-identit\u00e9-visuelle-agence-influence.jpg\",\"contentUrl\":\"https:\\\/\\\/www.travel-insight.fr\\\/wp-content\\\/uploads\\\/2020\\\/06\\\/logo-travel-insight-identit\u00e9-visuelle-agence-influence.jpg\",\"width\":800,\"height\":800,\"caption\":\"Travel-Insight\"},\"image\":{\"@id\":\"https:\\\/\\\/www.travel-insight.fr\\\/en\\\/#\\\/schema\\\/logo\\\/image\\\/\"},\"sameAs\":[\"https:\\\/\\\/fr-fr.facebook.com\\\/travelinsightfr\\\/\",\"https:\\\/\\\/x.com\\\/travelinsightfr\",\"https:\\\/\\\/www.instagram.com\\\/travelinsightfr\\\/\",\"https:\\\/\\\/www.linkedin.com\\\/company\\\/travel-insight-strat\u00e9gie-digitale-&amp;-e-influence-du-tourisme.\"]},{\"@type\":\"Person\",\"@id\":\"https:\\\/\\\/www.travel-insight.fr\\\/en\\\/#\\\/schema\\\/person\\\/2eb584d7c26497ac1a033e25615bb12b\",\"name\":\"Stanislas Lucien\",\"image\":{\"@type\":\"ImageObject\",\"inLanguage\":\"en-US\",\"@id\":\"https:\\\/\\\/secure.gravatar.com\\\/avatar\\\/c991db95e2f3a51755573d538e908a82c805ab5e872d0c3c348868e5e518a5f1?s=96&d=mm&r=g\",\"url\":\"https:\\\/\\\/secure.gravatar.com\\\/avatar\\\/c991db95e2f3a51755573d538e908a82c805ab5e872d0c3c348868e5e518a5f1?s=96&d=mm&r=g\",\"contentUrl\":\"https:\\\/\\\/secure.gravatar.com\\\/avatar\\\/c991db95e2f3a51755573d538e908a82c805ab5e872d0c3c348868e5e518a5f1?s=96&d=mm&r=g\",\"caption\":\"Stanislas Lucien\"},\"description\":\"C\u2019est un geek, il cr\u00e9e des sites et optimise le SEO pour \u00ab s\u2019amuser \u00bb le week-end pendant qu\u2019on regarde les s\u00e9ries recommand\u00e9es par Jeanne. Mais ce passionn\u00e9 de techno et du web sait aussi communiquer et trouver le meilleur moyen pour g\u00e9n\u00e9rer du trafic ! L\u2019administratif, c\u2019est son quotidien, la communication digitale, une vocation. Il nous envoie d\u2019ailleurs un gif chaque jour, sur sa deuxi\u00e8me passion : la bonne table.\",\"sameAs\":[\"https:\\\/\\\/www.travel-insight.fr\\\/\",\"https:\\\/\\\/www.linkedin.com\\\/in\\\/stanislaslucien\\\/\",\"https:\\\/\\\/x.com\\\/https:\\\/\\\/twitter.com\\\/lustanislas?lang=fr\"],\"url\":\"https:\\\/\\\/www.travel-insight.fr\\\/en\\\/author\\\/admin\\\/\"}]}<\/script>\n<!-- \/ Yoast SEO Premium plugin. -->","yoast_head_json":{"title":"How does Interhome fit in with the growing number of vacation rental platforms? &#8211; Travel Insight","description":"How does Interhome hold its own against the competition? Interview with Sarah Meyer, Sales and Marketing Director","robots":{"index":"index","follow":"follow","max-snippet":"max-snippet:-1","max-image-preview":"max-image-preview:large","max-video-preview":"max-video-preview:-1"},"canonical":"https:\/\/www.travel-insight.fr\/en\/how-does-interhome-fit-in-with-the-growing-number-of-vacation-rental-platforms\/","og_locale":"en_US","og_type":"article","og_title":"How does Interhome fit in with the growing number of vacation rental platforms?","og_description":"How does Interhome hold its own against the competition? Interview with Sarah Meyer, Sales and Marketing Director","og_url":"https:\/\/www.travel-insight.fr\/en\/how-does-interhome-fit-in-with-the-growing-number-of-vacation-rental-platforms\/","og_site_name":"Travel Insight","article_publisher":"https:\/\/fr-fr.facebook.com\/travelinsightfr\/","article_published_time":"2022-06-09T09:33:28+00:00","article_modified_time":"2024-09-02T14:20:33+00:00","og_image":[{"width":1200,"height":675,"url":"https:\/\/www.travel-insight.fr\/wp-content\/uploads\/2022\/06\/ARTICLES-NOUVEAU-SITE-copie.jpg","type":"image\/jpeg"}],"author":"Stanislas Lucien","twitter_card":"summary_large_image","twitter_creator":"@https:\/\/twitter.com\/lustanislas?lang=fr","twitter_site":"@travelinsightfr","twitter_misc":{"Written by":"Stanislas Lucien","Est. reading time":"4 minutes"},"schema":{"@context":"https:\/\/schema.org","@graph":[{"@type":"Article","@id":"https:\/\/www.travel-insight.fr\/en\/how-does-interhome-fit-in-with-the-growing-number-of-vacation-rental-platforms\/#article","isPartOf":{"@id":"https:\/\/www.travel-insight.fr\/en\/how-does-interhome-fit-in-with-the-growing-number-of-vacation-rental-platforms\/"},"author":{"name":"Stanislas Lucien","@id":"https:\/\/www.travel-insight.fr\/en\/#\/schema\/person\/2eb584d7c26497ac1a033e25615bb12b"},"headline":"How does Interhome fit in with the growing number of vacation rental platforms?","datePublished":"2022-06-09T09:33:28+00:00","dateModified":"2024-09-02T14:20:33+00:00","mainEntityOfPage":{"@id":"https:\/\/www.travel-insight.fr\/en\/how-does-interhome-fit-in-with-the-growing-number-of-vacation-rental-platforms\/"},"wordCount":792,"publisher":{"@id":"https:\/\/www.travel-insight.fr\/en\/#organization"},"image":{"@id":"https:\/\/www.travel-insight.fr\/en\/how-does-interhome-fit-in-with-the-growing-number-of-vacation-rental-platforms\/#primaryimage"},"thumbnailUrl":"https:\/\/www.travel-insight.fr\/wp-content\/uploads\/2022\/06\/ARTICLES-NOUVEAU-SITE-copie.jpg","articleSection":["Interviews"],"inLanguage":"en-US"},{"@type":"WebPage","@id":"https:\/\/www.travel-insight.fr\/en\/how-does-interhome-fit-in-with-the-growing-number-of-vacation-rental-platforms\/","url":"https:\/\/www.travel-insight.fr\/en\/how-does-interhome-fit-in-with-the-growing-number-of-vacation-rental-platforms\/","name":"How does Interhome fit in with the growing number of vacation rental platforms? &#8211; Travel Insight","isPartOf":{"@id":"https:\/\/www.travel-insight.fr\/en\/#website"},"primaryImageOfPage":{"@id":"https:\/\/www.travel-insight.fr\/en\/how-does-interhome-fit-in-with-the-growing-number-of-vacation-rental-platforms\/#primaryimage"},"image":{"@id":"https:\/\/www.travel-insight.fr\/en\/how-does-interhome-fit-in-with-the-growing-number-of-vacation-rental-platforms\/#primaryimage"},"thumbnailUrl":"https:\/\/www.travel-insight.fr\/wp-content\/uploads\/2022\/06\/ARTICLES-NOUVEAU-SITE-copie.jpg","datePublished":"2022-06-09T09:33:28+00:00","dateModified":"2024-09-02T14:20:33+00:00","description":"How does Interhome hold its own against the competition? Interview with Sarah Meyer, Sales and Marketing Director","breadcrumb":{"@id":"https:\/\/www.travel-insight.fr\/en\/how-does-interhome-fit-in-with-the-growing-number-of-vacation-rental-platforms\/#breadcrumb"},"inLanguage":"en-US","potentialAction":[{"@type":"ReadAction","target":["https:\/\/www.travel-insight.fr\/en\/how-does-interhome-fit-in-with-the-growing-number-of-vacation-rental-platforms\/"]}]},{"@type":"ImageObject","inLanguage":"en-US","@id":"https:\/\/www.travel-insight.fr\/en\/how-does-interhome-fit-in-with-the-growing-number-of-vacation-rental-platforms\/#primaryimage","url":"https:\/\/www.travel-insight.fr\/wp-content\/uploads\/2022\/06\/ARTICLES-NOUVEAU-SITE-copie.jpg","contentUrl":"https:\/\/www.travel-insight.fr\/wp-content\/uploads\/2022\/06\/ARTICLES-NOUVEAU-SITE-copie.jpg","width":1200,"height":675},{"@type":"BreadcrumbList","@id":"https:\/\/www.travel-insight.fr\/en\/how-does-interhome-fit-in-with-the-growing-number-of-vacation-rental-platforms\/#breadcrumb","itemListElement":[{"@type":"ListItem","position":1,"name":"Accueil","item":"https:\/\/www.travel-insight.fr\/en\/"},{"@type":"ListItem","position":2,"name":"How does Interhome fit in with the growing number of vacation rental platforms?"}]},{"@type":"WebSite","@id":"https:\/\/www.travel-insight.fr\/en\/#website","url":"https:\/\/www.travel-insight.fr\/en\/","name":"Travel-Insight","description":"Agence de communication tourisme","publisher":{"@id":"https:\/\/www.travel-insight.fr\/en\/#organization"},"potentialAction":[{"@type":"SearchAction","target":{"@type":"EntryPoint","urlTemplate":"https:\/\/www.travel-insight.fr\/en\/?s={search_term_string}"},"query-input":{"@type":"PropertyValueSpecification","valueRequired":true,"valueName":"search_term_string"}}],"inLanguage":"en-US"},{"@type":"Organization","@id":"https:\/\/www.travel-insight.fr\/en\/#organization","name":"Travel-Insight","url":"https:\/\/www.travel-insight.fr\/en\/","logo":{"@type":"ImageObject","inLanguage":"en-US","@id":"https:\/\/www.travel-insight.fr\/en\/#\/schema\/logo\/image\/","url":"https:\/\/www.travel-insight.fr\/wp-content\/uploads\/2020\/06\/logo-travel-insight-identit\u00e9-visuelle-agence-influence.jpg","contentUrl":"https:\/\/www.travel-insight.fr\/wp-content\/uploads\/2020\/06\/logo-travel-insight-identit\u00e9-visuelle-agence-influence.jpg","width":800,"height":800,"caption":"Travel-Insight"},"image":{"@id":"https:\/\/www.travel-insight.fr\/en\/#\/schema\/logo\/image\/"},"sameAs":["https:\/\/fr-fr.facebook.com\/travelinsightfr\/","https:\/\/x.com\/travelinsightfr","https:\/\/www.instagram.com\/travelinsightfr\/","https:\/\/www.linkedin.com\/company\/travel-insight-strat\u00e9gie-digitale-&amp;-e-influence-du-tourisme."]},{"@type":"Person","@id":"https:\/\/www.travel-insight.fr\/en\/#\/schema\/person\/2eb584d7c26497ac1a033e25615bb12b","name":"Stanislas Lucien","image":{"@type":"ImageObject","inLanguage":"en-US","@id":"https:\/\/secure.gravatar.com\/avatar\/c991db95e2f3a51755573d538e908a82c805ab5e872d0c3c348868e5e518a5f1?s=96&d=mm&r=g","url":"https:\/\/secure.gravatar.com\/avatar\/c991db95e2f3a51755573d538e908a82c805ab5e872d0c3c348868e5e518a5f1?s=96&d=mm&r=g","contentUrl":"https:\/\/secure.gravatar.com\/avatar\/c991db95e2f3a51755573d538e908a82c805ab5e872d0c3c348868e5e518a5f1?s=96&d=mm&r=g","caption":"Stanislas Lucien"},"description":"C\u2019est un geek, il cr\u00e9e des sites et optimise le SEO pour \u00ab s\u2019amuser \u00bb le week-end pendant qu\u2019on regarde les s\u00e9ries recommand\u00e9es par Jeanne. Mais ce passionn\u00e9 de techno et du web sait aussi communiquer et trouver le meilleur moyen pour g\u00e9n\u00e9rer du trafic ! L\u2019administratif, c\u2019est son quotidien, la communication digitale, une vocation. Il nous envoie d\u2019ailleurs un gif chaque jour, sur sa deuxi\u00e8me passion : la bonne table.","sameAs":["https:\/\/www.travel-insight.fr\/","https:\/\/www.linkedin.com\/in\/stanislaslucien\/","https:\/\/x.com\/https:\/\/twitter.com\/lustanislas?lang=fr"],"url":"https:\/\/www.travel-insight.fr\/en\/author\/admin\/"}]}},"featured_image_src":"https:\/\/www.travel-insight.fr\/wp-content\/uploads\/2022\/06\/ARTICLES-NOUVEAU-SITE-copie-600x400.jpg","featured_image_src_square":"https:\/\/www.travel-insight.fr\/wp-content\/uploads\/2022\/06\/ARTICLES-NOUVEAU-SITE-copie-600x600.jpg","author_info":{"display_name":"Stanislas Lucien","author_link":"https:\/\/www.travel-insight.fr\/en\/author\/admin\/"},"_links":{"self":[{"href":"https:\/\/www.travel-insight.fr\/en\/wp-json\/wp\/v2\/posts\/18436","targetHints":{"allow":["GET"]}}],"collection":[{"href":"https:\/\/www.travel-insight.fr\/en\/wp-json\/wp\/v2\/posts"}],"about":[{"href":"https:\/\/www.travel-insight.fr\/en\/wp-json\/wp\/v2\/types\/post"}],"author":[{"embeddable":true,"href":"https:\/\/www.travel-insight.fr\/en\/wp-json\/wp\/v2\/users\/1"}],"replies":[{"embeddable":true,"href":"https:\/\/www.travel-insight.fr\/en\/wp-json\/wp\/v2\/comments?post=18436"}],"version-history":[{"count":1,"href":"https:\/\/www.travel-insight.fr\/en\/wp-json\/wp\/v2\/posts\/18436\/revisions"}],"predecessor-version":[{"id":18437,"href":"https:\/\/www.travel-insight.fr\/en\/wp-json\/wp\/v2\/posts\/18436\/revisions\/18437"}],"wp:featuredmedia":[{"embeddable":true,"href":"https:\/\/www.travel-insight.fr\/en\/wp-json\/wp\/v2\/media\/14936"}],"wp:attachment":[{"href":"https:\/\/www.travel-insight.fr\/en\/wp-json\/wp\/v2\/media?parent=18436"}],"wp:term":[{"taxonomy":"category","embeddable":true,"href":"https:\/\/www.travel-insight.fr\/en\/wp-json\/wp\/v2\/categories?post=18436"},{"taxonomy":"post_tag","embeddable":true,"href":"https:\/\/www.travel-insight.fr\/en\/wp-json\/wp\/v2\/tags?post=18436"}],"curies":[{"name":"wp","href":"https:\/\/api.w.org\/{rel}","templated":true}]}}