{"id":18872,"date":"2023-11-08T17:35:11","date_gmt":"2023-11-08T16:35:11","guid":{"rendered":"https:\/\/www.travel-insight.fr\/how-can-we-reconcile-local-tourism-with-the-desire-to-go-further-afield\/"},"modified":"2024-09-02T16:23:40","modified_gmt":"2024-09-02T14:23:40","slug":"how-can-we-reconcile-local-tourism-with-the-desire-to-go-further-afield","status":"publish","type":"post","link":"https:\/\/www.travel-insight.fr\/en\/how-can-we-reconcile-local-tourism-with-the-desire-to-go-further-afield\/","title":{"rendered":"How can we reconcile local tourism with the desire to go further afield?"},"content":{"rendered":"\n<p>The Salon des Voyages en Auvergne, the<strong> first major trade show dedicated to the world of tourism in the heart of France<\/strong>, will soon be opening its doors for the first edition.\nA festive, family-friendly show&#8230;\nBut above all, hybrid.\nThe concept is based on promoting all destinations in France and abroad, but also highlighting the local area around Auvergne.\nA major challenge!    <\/p>\n\n<p>Today Travel-Insight interviews Jessica Pommier, founder of Salon des Voyages, to find out more.  <\/p>\n\n<p><strong>1 &#8211; Can you introduce yourself in a few lines?<\/strong><\/p>\n\n<p>I&#8217;m from Auvergne, and I was literally born and raised in the world of tourism, a world I&#8217;ve always been passionate about and explored its many facets.<\/p>\n\n<p>My grandparents, who were farmers producing St Nectaire cheese, set up a farm campsite in the 1970s, and my parents took over the open-air hotel when I was born.\nIn the space of 40 years, it became the number 1 in Auvergne, the region&#8217;s first 5-star hotel, with 450 pitches on 13 hectares of land, a water park and an artificial lake, all of which were built independently over the years.\nWe sold this family business in 2021, at its peak, to the Sandaya tourism group.    <\/p>\n\n<p>Alongside the development of the family business I started my career in brand content at the Walt Disney Company France in cinema marketing and in 2015 I made a 360 turn by setting off on a year-long world tour, solo and backpacking.\nThis was before the Instagram era.<br\/>I documented my travels with video reports for children.\nSo I launched a blog called &#8220;Mes Ptits Bouts Du Monde&#8221; to meet children.  <br\/><\/p>\n\n<p>On my return, I professionalized this activity, which was one of the first professional blogs, and started to promote destinations and tourism players.\nWith a clear positioning: highlight local nuggets in France with as much enthusiasm as the other side of the world.\nTo promote local tourism without denying the richness of distant travel.<br\/>Today, a community of 80,000 enthusiasts continues to follow my adventures, and I&#8217;ve set down my backpack in some fifty countries, but the content has evolved along with me, as I got married and became the mother of two little girls.\nToday, I&#8217;m 36 years old and work every day to promote tourism. I&#8217;m founder and president of the &#8220;Perp\u00e8te Les Olivettes &#8211; Raconte nous un voyage&#8221; association for the elderly, and organize many travel events in my region with the &#8220;Les Passeurs d&#8217;Aventure&#8221; association.   <br\/><br\/>In 2024, I&#8217;m taking the gamble of launching a new Salon Des Voyages on the French market, positioned in my home region of Auvergne.\nI&#8217;ve created a new company dedicated to its organization, and hope to establish this event as an annual rendez-vous in the region.\nThe first edition will take place on January 20-21, 2024 at the Polydome convention center in Clermont-Ferrand.  <\/p>\n\n<p><a href=\"http:\/\/www.salondesvoyages.fr\/\" target=\"_blank\" rel=\"noreferrer noopener\"><\/a><a href=\"http:\/\/www.salondesvoyages.fr\/\">www.salondesvoyages.fr<\/a><\/p>\n\n<figure class=\"wp-block-image size-large is-resized\"><img fetchpriority=\"high\" decoding=\"async\" width=\"686\" height=\"1024\" src=\"https:\/\/www.travel-insight.fr\/wp-content\/uploads\/2023\/11\/40c67442-29a4-44a0-ab9c-eaeab8ad442a-686x1024.jpg\" alt=\"\" class=\"wp-image-8536\" style=\"aspect-ratio:0.9027552674230146;width:132px;height:auto\" srcset=\"https:\/\/www.travel-insight.fr\/wp-content\/uploads\/2023\/11\/40c67442-29a4-44a0-ab9c-eaeab8ad442a-686x1024.jpg 686w, https:\/\/www.travel-insight.fr\/wp-content\/uploads\/2023\/11\/40c67442-29a4-44a0-ab9c-eaeab8ad442a-201x300.jpg 201w, https:\/\/www.travel-insight.fr\/wp-content\/uploads\/2023\/11\/40c67442-29a4-44a0-ab9c-eaeab8ad442a-768x1146.jpg 768w, https:\/\/www.travel-insight.fr\/wp-content\/uploads\/2023\/11\/40c67442-29a4-44a0-ab9c-eaeab8ad442a-1029x1536.jpg 1029w, https:\/\/www.travel-insight.fr\/wp-content\/uploads\/2023\/11\/40c67442-29a4-44a0-ab9c-eaeab8ad442a.jpg 1175w\" sizes=\"(max-width: 686px) 100vw, 686px\" \/><\/figure>\n<p><strong>2. What is the mission and purpose of the Salon des Voyages en Auvergne?  <\/strong><\/p>\n\n<p><em>Why launch a new Salon des in Auvergne?<\/em><\/p>\n\n<p>Why launch a new Salon des Voyages en Auvergne?\nQuite simply because I wanted to offer an ultra-connected trade show that measures the importance of digital in tourism and gives a voice to bloggers from the 4 corners of France, ambassadors for their regions, and today a source of inspiration for future vacations.\nHaving been a travel influencer myself for the past 8 years, I&#8217;m capitalizing on this line of communication and bringing in fellow bloggers to give several conferences.  <\/p>\n\n<p>My aim is also to create a hybrid show that highlights local initiatives as much as far-flung travel: proving that a change of scenery can also be found close to home.\nThat&#8217;s why we&#8217;re putting the spotlight on the Auvergne and adjacent regions. <\/p>\n\n<p><em>Why Auvergne?<\/em><\/p>\n\n<p>Because it&#8217;s right in the center of France, with a high potential for travelers.\nThese travelers leave for international destinations via Lyon or Clermont-Ferrand airports, with a stopover in Paris.\nBeing positioned in the heart of France, they also radiate outwards for their stays in the national territory, which is why it&#8217;s so important for French destinations to target this central clientele.  <\/p>\n\n<p>What&#8217;s more, there is currently no similar tourism trade show in the region, with a focus on both local and international tourism.\nThere&#8217;s a real card to play here! <\/p>\n\n<figure class=\"wp-block-image size-large\"><img decoding=\"async\" width=\"1024\" height=\"576\" src=\"https:\/\/www.travel-insight.fr\/wp-content\/uploads\/2023\/11\/ITW-site-internet-2-1024x576.png\" alt=\"\" class=\"wp-image-8527\" srcset=\"https:\/\/www.travel-insight.fr\/wp-content\/uploads\/2023\/11\/ITW-site-internet-2-1024x576.png 1024w, https:\/\/www.travel-insight.fr\/wp-content\/uploads\/2023\/11\/ITW-site-internet-2-300x169.png 300w, https:\/\/www.travel-insight.fr\/wp-content\/uploads\/2023\/11\/ITW-site-internet-2-768x432.png 768w, https:\/\/www.travel-insight.fr\/wp-content\/uploads\/2023\/11\/ITW-site-internet-2.png 1200w\" sizes=\"(max-width: 1024px) 100vw, 1024px\" \/><\/figure>\n<p><strong>3- Who are your current and future targets?<\/strong><\/p>\n\n<p>My aim is to bring together the tourism industry and &#8220;new generation&#8221; travelers.\nWith a family target, younger than current tourism trade shows, and a core target of female purchasing managers aged 30-50.\nA BtoC trade show on a human scale, designed to be friendly and festive.  <\/p>\n\n<p><strong>4 &#8211; How are preparations for this 1st edition going?  <\/strong><\/p>\n\n<p>A first edition is quite a challenge and a race against time!<\/p>\n\n<p>At the same time, we have to get the word out about the show, communicate its differentiating features and immediately convince exhibitors to give the new generation in tourism a chance!\nI sometimes hear &#8220;we&#8217;ll come as visitors to the first edition to see if we&#8217;ll be exhibiting next year, but bravo, it&#8217;s great to see this wind of freshness and innovation in the sector!\nAnd I admit it&#8217;s terribly frustrating.  <\/p>\n\n<p>I&#8217;m independent on this show, which is managed autonomously, and if I&#8217;ve thrown myself into such a large-scale project despite the mountain of challenges, it&#8217;s because I believe more than ever in the show&#8217;s potential!\nBut you can&#8217;t do anything on your own, no matter how much energy and willpower you devote day and night.\nI can&#8217;t build a show on my own: it&#8217;s the strength of the exhibitors from the very first year that will make it a success!  <\/p>\n\n<p>I&#8217;d like to thank all the tourism players who pioneered the Salon des Voyages for their confidence, and the professionals who surround me for giving me strength.\nFor them, it&#8217;s a challenge, but their willingness to take part in a new event and try their hand at adventure is proof of the boldness and panache typical of the sector! <\/p>\n\n<p><strong>5- Why did you choose to work with Travel-Insight to manage your press relations?<\/strong><\/p>\n\n<p>I&#8217;ve already worked with the agency as a travel influencer and recognize the team&#8217;s expertise.\nOver the years, I&#8217;ve seen Travel Insight make its mark on the travel industry, becoming a key player in its field. <\/p>\n\n<p>2 young entrepreneurs, C\u00e9lia and Stan, also a new generation, who didn&#8217;t hesitate to launch themselves into an already mature market, with an unprecedented digital strike force.\nThe company has also evolved in several areas of expertise, such as press relations. <\/p>\n\n<p>One of my first challenges was to get the word out about this trade show, to make myself visible to those involved in the tourism industry, and Travel-Insight&#8217;s address book made it possible to put people in touch with each other.\nWhat&#8217;s more, I&#8217;m based in Auvergne, and many of my potential customers are in the Paris region, so I needed a team I could trust to represent me there. <\/p>\n\n<p><strong>6- What message would you like to convey to journalists?<\/strong><\/p>\n\n<p>The tourism context is constantly evolving, and we need to keep abreast of new trends and travelers&#8217; needs, both in France and abroad.\nThis show is an opportunity to reconcile local tourism with the desire to go elsewhere, while working towards more responsible tourism. <\/p>\n\n<figure class=\"wp-block-image size-large\"><img decoding=\"async\" width=\"1024\" height=\"529\" src=\"https:\/\/www.travel-insight.fr\/wp-content\/uploads\/2023\/11\/image0-1024x529.jpeg\" alt=\"\" class=\"wp-image-8531\" srcset=\"https:\/\/www.travel-insight.fr\/wp-content\/uploads\/2023\/11\/image0-1024x529.jpeg 1024w, https:\/\/www.travel-insight.fr\/wp-content\/uploads\/2023\/11\/image0-300x155.jpeg 300w, https:\/\/www.travel-insight.fr\/wp-content\/uploads\/2023\/11\/image0-768x397.jpeg 768w, https:\/\/www.travel-insight.fr\/wp-content\/uploads\/2023\/11\/image0-1536x794.jpeg 1536w, https:\/\/www.travel-insight.fr\/wp-content\/uploads\/2023\/11\/image0-2048x1059.jpeg 2048w, https:\/\/www.travel-insight.fr\/wp-content\/uploads\/2023\/11\/image0-1568x811.jpeg 1568w\" sizes=\"(max-width: 1024px) 100vw, 1024px\" \/><\/figure>\n<p><strong>7- A final word?<\/strong><\/p>\n\n<p>I&#8217;ve sometimes been told that it&#8217;s &#8220;crazy&#8221; to launch a new trade show, but I think that entrepreneurship sometimes requires a dose of recklessness.<br\/>But above all, it requires an ironclad will and energy.<br\/>All I ask today is to verify the adage &#8220;They didn&#8217;t know it was impossible, so they did it&#8221;.<br\/><br\/>If you&#8217;d like to take part in this adventure, you have until November 20 to <a href=\"https:\/\/www.salondesvoyages.fr\/contact\">register<\/a>!<\/p>\n","protected":false},"excerpt":{"rendered":"<p>The Salon des Voyages en Auvergne, the first major trade show dedicated to the world of tourism in the heart of France, will soon be opening its doors for the first edition. A festive, family-friendly show&#8230; But above all, hybrid. The concept is based on promoting all destinations in France and abroad, but also highlighting&hellip; <a class=\"more-link\" href=\"https:\/\/www.travel-insight.fr\/en\/how-can-we-reconcile-local-tourism-with-the-desire-to-go-further-afield\/\">Continue reading <span class=\"screen-reader-text\">How can we reconcile local tourism with the desire to go further afield?<\/span><\/a><\/p>\n","protected":false},"author":1,"featured_media":16344,"comment_status":"closed","ping_status":"closed","sticky":false,"template":"","format":"standard","meta":{"_acf_changed":false,"footnotes":""},"categories":[553],"tags":[],"class_list":["post-18872","post","type-post","status-publish","format-standard","has-post-thumbnail","hentry","category-interviews-en","entry"],"acf":[],"yoast_head":"<!-- This site is optimized with the Yoast SEO Premium plugin v23.4 (Yoast SEO v27.5) - https:\/\/yoast.com\/product\/yoast-seo-premium-wordpress\/ -->\n<title>How can we reconcile local tourism with the desire to go further afield? &#8211; Travel Insight<\/title>\n<meta name=\"description\" content=\"The Salon des Voyages en Auvergne, the first major trade show dedicated to the world of tourism, will soon be opening its doors for the first edition.\" \/>\n<meta name=\"robots\" content=\"index, follow, max-snippet:-1, max-image-preview:large, max-video-preview:-1\" \/>\n<link rel=\"canonical\" href=\"https:\/\/www.travel-insight.fr\/en\/how-can-we-reconcile-local-tourism-with-the-desire-to-go-further-afield\/\" \/>\n<meta property=\"og:locale\" content=\"en_US\" \/>\n<meta property=\"og:type\" content=\"article\" \/>\n<meta property=\"og:title\" content=\"How can we reconcile local tourism with the desire to go further afield?\" \/>\n<meta property=\"og:description\" content=\"The Salon des Voyages en Auvergne, the first major trade show dedicated to the world of tourism, will soon be opening its doors for the first edition.\" \/>\n<meta property=\"og:url\" content=\"https:\/\/www.travel-insight.fr\/en\/how-can-we-reconcile-local-tourism-with-the-desire-to-go-further-afield\/\" \/>\n<meta property=\"og:site_name\" content=\"Travel Insight\" \/>\n<meta property=\"article:publisher\" content=\"https:\/\/fr-fr.facebook.com\/travelinsightfr\/\" \/>\n<meta property=\"article:published_time\" content=\"2023-11-08T16:35:11+00:00\" \/>\n<meta property=\"article:modified_time\" content=\"2024-09-02T14:23:40+00:00\" \/>\n<meta property=\"og:image\" content=\"https:\/\/www.travel-insight.fr\/wp-content\/uploads\/2023\/11\/ITW-site-internet-4.png\" \/>\n\t<meta property=\"og:image:width\" content=\"1200\" \/>\n\t<meta property=\"og:image:height\" content=\"675\" \/>\n\t<meta property=\"og:image:type\" content=\"image\/png\" \/>\n<meta name=\"author\" content=\"Stanislas Lucien\" \/>\n<meta name=\"twitter:card\" content=\"summary_large_image\" \/>\n<meta name=\"twitter:creator\" content=\"@https:\/\/twitter.com\/lustanislas?lang=fr\" \/>\n<meta name=\"twitter:site\" content=\"@travelinsightfr\" \/>\n<meta name=\"twitter:label1\" content=\"Written by\" \/>\n\t<meta name=\"twitter:data1\" content=\"Stanislas Lucien\" \/>\n\t<meta name=\"twitter:label2\" content=\"Est. reading time\" \/>\n\t<meta name=\"twitter:data2\" content=\"6 minutes\" \/>\n<script type=\"application\/ld+json\" class=\"yoast-schema-graph\">{\"@context\":\"https:\\\/\\\/schema.org\",\"@graph\":[{\"@type\":\"Article\",\"@id\":\"https:\\\/\\\/www.travel-insight.fr\\\/en\\\/how-can-we-reconcile-local-tourism-with-the-desire-to-go-further-afield\\\/#article\",\"isPartOf\":{\"@id\":\"https:\\\/\\\/www.travel-insight.fr\\\/en\\\/how-can-we-reconcile-local-tourism-with-the-desire-to-go-further-afield\\\/\"},\"author\":{\"name\":\"Stanislas Lucien\",\"@id\":\"https:\\\/\\\/www.travel-insight.fr\\\/en\\\/#\\\/schema\\\/person\\\/2eb584d7c26497ac1a033e25615bb12b\"},\"headline\":\"How can we reconcile local tourism with the desire to go further afield?\",\"datePublished\":\"2023-11-08T16:35:11+00:00\",\"dateModified\":\"2024-09-02T14:23:40+00:00\",\"mainEntityOfPage\":{\"@id\":\"https:\\\/\\\/www.travel-insight.fr\\\/en\\\/how-can-we-reconcile-local-tourism-with-the-desire-to-go-further-afield\\\/\"},\"wordCount\":1326,\"publisher\":{\"@id\":\"https:\\\/\\\/www.travel-insight.fr\\\/en\\\/#organization\"},\"image\":{\"@id\":\"https:\\\/\\\/www.travel-insight.fr\\\/en\\\/how-can-we-reconcile-local-tourism-with-the-desire-to-go-further-afield\\\/#primaryimage\"},\"thumbnailUrl\":\"https:\\\/\\\/www.travel-insight.fr\\\/wp-content\\\/uploads\\\/2023\\\/11\\\/ITW-site-internet-4.png\",\"articleSection\":[\"Interviews\"],\"inLanguage\":\"en-US\"},{\"@type\":\"WebPage\",\"@id\":\"https:\\\/\\\/www.travel-insight.fr\\\/en\\\/how-can-we-reconcile-local-tourism-with-the-desire-to-go-further-afield\\\/\",\"url\":\"https:\\\/\\\/www.travel-insight.fr\\\/en\\\/how-can-we-reconcile-local-tourism-with-the-desire-to-go-further-afield\\\/\",\"name\":\"How can we reconcile local tourism with the desire to go further afield? &#8211; Travel Insight\",\"isPartOf\":{\"@id\":\"https:\\\/\\\/www.travel-insight.fr\\\/en\\\/#website\"},\"primaryImageOfPage\":{\"@id\":\"https:\\\/\\\/www.travel-insight.fr\\\/en\\\/how-can-we-reconcile-local-tourism-with-the-desire-to-go-further-afield\\\/#primaryimage\"},\"image\":{\"@id\":\"https:\\\/\\\/www.travel-insight.fr\\\/en\\\/how-can-we-reconcile-local-tourism-with-the-desire-to-go-further-afield\\\/#primaryimage\"},\"thumbnailUrl\":\"https:\\\/\\\/www.travel-insight.fr\\\/wp-content\\\/uploads\\\/2023\\\/11\\\/ITW-site-internet-4.png\",\"datePublished\":\"2023-11-08T16:35:11+00:00\",\"dateModified\":\"2024-09-02T14:23:40+00:00\",\"description\":\"The Salon des Voyages en Auvergne, the first major trade show dedicated to the world of tourism, will soon be opening its doors for the first edition.\",\"breadcrumb\":{\"@id\":\"https:\\\/\\\/www.travel-insight.fr\\\/en\\\/how-can-we-reconcile-local-tourism-with-the-desire-to-go-further-afield\\\/#breadcrumb\"},\"inLanguage\":\"en-US\",\"potentialAction\":[{\"@type\":\"ReadAction\",\"target\":[\"https:\\\/\\\/www.travel-insight.fr\\\/en\\\/how-can-we-reconcile-local-tourism-with-the-desire-to-go-further-afield\\\/\"]}]},{\"@type\":\"ImageObject\",\"inLanguage\":\"en-US\",\"@id\":\"https:\\\/\\\/www.travel-insight.fr\\\/en\\\/how-can-we-reconcile-local-tourism-with-the-desire-to-go-further-afield\\\/#primaryimage\",\"url\":\"https:\\\/\\\/www.travel-insight.fr\\\/wp-content\\\/uploads\\\/2023\\\/11\\\/ITW-site-internet-4.png\",\"contentUrl\":\"https:\\\/\\\/www.travel-insight.fr\\\/wp-content\\\/uploads\\\/2023\\\/11\\\/ITW-site-internet-4.png\",\"width\":1200,\"height\":675},{\"@type\":\"BreadcrumbList\",\"@id\":\"https:\\\/\\\/www.travel-insight.fr\\\/en\\\/how-can-we-reconcile-local-tourism-with-the-desire-to-go-further-afield\\\/#breadcrumb\",\"itemListElement\":[{\"@type\":\"ListItem\",\"position\":1,\"name\":\"Accueil\",\"item\":\"https:\\\/\\\/www.travel-insight.fr\\\/en\\\/\"},{\"@type\":\"ListItem\",\"position\":2,\"name\":\"How can we reconcile local tourism with the desire to go further afield?\"}]},{\"@type\":\"WebSite\",\"@id\":\"https:\\\/\\\/www.travel-insight.fr\\\/en\\\/#website\",\"url\":\"https:\\\/\\\/www.travel-insight.fr\\\/en\\\/\",\"name\":\"Travel-Insight\",\"description\":\"Agence de communication tourisme\",\"publisher\":{\"@id\":\"https:\\\/\\\/www.travel-insight.fr\\\/en\\\/#organization\"},\"potentialAction\":[{\"@type\":\"SearchAction\",\"target\":{\"@type\":\"EntryPoint\",\"urlTemplate\":\"https:\\\/\\\/www.travel-insight.fr\\\/en\\\/?s={search_term_string}\"},\"query-input\":{\"@type\":\"PropertyValueSpecification\",\"valueRequired\":true,\"valueName\":\"search_term_string\"}}],\"inLanguage\":\"en-US\"},{\"@type\":\"Organization\",\"@id\":\"https:\\\/\\\/www.travel-insight.fr\\\/en\\\/#organization\",\"name\":\"Travel-Insight\",\"url\":\"https:\\\/\\\/www.travel-insight.fr\\\/en\\\/\",\"logo\":{\"@type\":\"ImageObject\",\"inLanguage\":\"en-US\",\"@id\":\"https:\\\/\\\/www.travel-insight.fr\\\/en\\\/#\\\/schema\\\/logo\\\/image\\\/\",\"url\":\"https:\\\/\\\/www.travel-insight.fr\\\/wp-content\\\/uploads\\\/2020\\\/06\\\/logo-travel-insight-identit\u00e9-visuelle-agence-influence.jpg\",\"contentUrl\":\"https:\\\/\\\/www.travel-insight.fr\\\/wp-content\\\/uploads\\\/2020\\\/06\\\/logo-travel-insight-identit\u00e9-visuelle-agence-influence.jpg\",\"width\":800,\"height\":800,\"caption\":\"Travel-Insight\"},\"image\":{\"@id\":\"https:\\\/\\\/www.travel-insight.fr\\\/en\\\/#\\\/schema\\\/logo\\\/image\\\/\"},\"sameAs\":[\"https:\\\/\\\/fr-fr.facebook.com\\\/travelinsightfr\\\/\",\"https:\\\/\\\/x.com\\\/travelinsightfr\",\"https:\\\/\\\/www.instagram.com\\\/travelinsightfr\\\/\",\"https:\\\/\\\/www.linkedin.com\\\/company\\\/travel-insight-strat\u00e9gie-digitale-&amp;-e-influence-du-tourisme.\"]},{\"@type\":\"Person\",\"@id\":\"https:\\\/\\\/www.travel-insight.fr\\\/en\\\/#\\\/schema\\\/person\\\/2eb584d7c26497ac1a033e25615bb12b\",\"name\":\"Stanislas Lucien\",\"image\":{\"@type\":\"ImageObject\",\"inLanguage\":\"en-US\",\"@id\":\"https:\\\/\\\/secure.gravatar.com\\\/avatar\\\/c991db95e2f3a51755573d538e908a82c805ab5e872d0c3c348868e5e518a5f1?s=96&d=mm&r=g\",\"url\":\"https:\\\/\\\/secure.gravatar.com\\\/avatar\\\/c991db95e2f3a51755573d538e908a82c805ab5e872d0c3c348868e5e518a5f1?s=96&d=mm&r=g\",\"contentUrl\":\"https:\\\/\\\/secure.gravatar.com\\\/avatar\\\/c991db95e2f3a51755573d538e908a82c805ab5e872d0c3c348868e5e518a5f1?s=96&d=mm&r=g\",\"caption\":\"Stanislas Lucien\"},\"description\":\"C\u2019est un geek, il cr\u00e9e des sites et optimise le SEO pour \u00ab s\u2019amuser \u00bb le week-end pendant qu\u2019on regarde les s\u00e9ries recommand\u00e9es par Jeanne. Mais ce passionn\u00e9 de techno et du web sait aussi communiquer et trouver le meilleur moyen pour g\u00e9n\u00e9rer du trafic ! L\u2019administratif, c\u2019est son quotidien, la communication digitale, une vocation. Il nous envoie d\u2019ailleurs un gif chaque jour, sur sa deuxi\u00e8me passion : la bonne table.\",\"sameAs\":[\"https:\\\/\\\/www.travel-insight.fr\\\/\",\"https:\\\/\\\/www.linkedin.com\\\/in\\\/stanislaslucien\\\/\",\"https:\\\/\\\/x.com\\\/https:\\\/\\\/twitter.com\\\/lustanislas?lang=fr\"],\"url\":\"https:\\\/\\\/www.travel-insight.fr\\\/en\\\/author\\\/admin\\\/\"}]}<\/script>\n<!-- \/ Yoast SEO Premium plugin. -->","yoast_head_json":{"title":"How can we reconcile local tourism with the desire to go further afield? &#8211; Travel Insight","description":"The Salon des Voyages en Auvergne, the first major trade show dedicated to the world of tourism, will soon be opening its doors for the first edition.","robots":{"index":"index","follow":"follow","max-snippet":"max-snippet:-1","max-image-preview":"max-image-preview:large","max-video-preview":"max-video-preview:-1"},"canonical":"https:\/\/www.travel-insight.fr\/en\/how-can-we-reconcile-local-tourism-with-the-desire-to-go-further-afield\/","og_locale":"en_US","og_type":"article","og_title":"How can we reconcile local tourism with the desire to go further afield?","og_description":"The Salon des Voyages en Auvergne, the first major trade show dedicated to the world of tourism, will soon be opening its doors for the first edition.","og_url":"https:\/\/www.travel-insight.fr\/en\/how-can-we-reconcile-local-tourism-with-the-desire-to-go-further-afield\/","og_site_name":"Travel Insight","article_publisher":"https:\/\/fr-fr.facebook.com\/travelinsightfr\/","article_published_time":"2023-11-08T16:35:11+00:00","article_modified_time":"2024-09-02T14:23:40+00:00","og_image":[{"width":1200,"height":675,"url":"https:\/\/www.travel-insight.fr\/wp-content\/uploads\/2023\/11\/ITW-site-internet-4.png","type":"image\/png"}],"author":"Stanislas Lucien","twitter_card":"summary_large_image","twitter_creator":"@https:\/\/twitter.com\/lustanislas?lang=fr","twitter_site":"@travelinsightfr","twitter_misc":{"Written by":"Stanislas Lucien","Est. reading time":"6 minutes"},"schema":{"@context":"https:\/\/schema.org","@graph":[{"@type":"Article","@id":"https:\/\/www.travel-insight.fr\/en\/how-can-we-reconcile-local-tourism-with-the-desire-to-go-further-afield\/#article","isPartOf":{"@id":"https:\/\/www.travel-insight.fr\/en\/how-can-we-reconcile-local-tourism-with-the-desire-to-go-further-afield\/"},"author":{"name":"Stanislas Lucien","@id":"https:\/\/www.travel-insight.fr\/en\/#\/schema\/person\/2eb584d7c26497ac1a033e25615bb12b"},"headline":"How can we reconcile local tourism with the desire to go further afield?","datePublished":"2023-11-08T16:35:11+00:00","dateModified":"2024-09-02T14:23:40+00:00","mainEntityOfPage":{"@id":"https:\/\/www.travel-insight.fr\/en\/how-can-we-reconcile-local-tourism-with-the-desire-to-go-further-afield\/"},"wordCount":1326,"publisher":{"@id":"https:\/\/www.travel-insight.fr\/en\/#organization"},"image":{"@id":"https:\/\/www.travel-insight.fr\/en\/how-can-we-reconcile-local-tourism-with-the-desire-to-go-further-afield\/#primaryimage"},"thumbnailUrl":"https:\/\/www.travel-insight.fr\/wp-content\/uploads\/2023\/11\/ITW-site-internet-4.png","articleSection":["Interviews"],"inLanguage":"en-US"},{"@type":"WebPage","@id":"https:\/\/www.travel-insight.fr\/en\/how-can-we-reconcile-local-tourism-with-the-desire-to-go-further-afield\/","url":"https:\/\/www.travel-insight.fr\/en\/how-can-we-reconcile-local-tourism-with-the-desire-to-go-further-afield\/","name":"How can we reconcile local tourism with the desire to go further afield? &#8211; Travel Insight","isPartOf":{"@id":"https:\/\/www.travel-insight.fr\/en\/#website"},"primaryImageOfPage":{"@id":"https:\/\/www.travel-insight.fr\/en\/how-can-we-reconcile-local-tourism-with-the-desire-to-go-further-afield\/#primaryimage"},"image":{"@id":"https:\/\/www.travel-insight.fr\/en\/how-can-we-reconcile-local-tourism-with-the-desire-to-go-further-afield\/#primaryimage"},"thumbnailUrl":"https:\/\/www.travel-insight.fr\/wp-content\/uploads\/2023\/11\/ITW-site-internet-4.png","datePublished":"2023-11-08T16:35:11+00:00","dateModified":"2024-09-02T14:23:40+00:00","description":"The Salon des Voyages en Auvergne, the first major trade show dedicated to the world of tourism, will soon be opening its doors for the first edition.","breadcrumb":{"@id":"https:\/\/www.travel-insight.fr\/en\/how-can-we-reconcile-local-tourism-with-the-desire-to-go-further-afield\/#breadcrumb"},"inLanguage":"en-US","potentialAction":[{"@type":"ReadAction","target":["https:\/\/www.travel-insight.fr\/en\/how-can-we-reconcile-local-tourism-with-the-desire-to-go-further-afield\/"]}]},{"@type":"ImageObject","inLanguage":"en-US","@id":"https:\/\/www.travel-insight.fr\/en\/how-can-we-reconcile-local-tourism-with-the-desire-to-go-further-afield\/#primaryimage","url":"https:\/\/www.travel-insight.fr\/wp-content\/uploads\/2023\/11\/ITW-site-internet-4.png","contentUrl":"https:\/\/www.travel-insight.fr\/wp-content\/uploads\/2023\/11\/ITW-site-internet-4.png","width":1200,"height":675},{"@type":"BreadcrumbList","@id":"https:\/\/www.travel-insight.fr\/en\/how-can-we-reconcile-local-tourism-with-the-desire-to-go-further-afield\/#breadcrumb","itemListElement":[{"@type":"ListItem","position":1,"name":"Accueil","item":"https:\/\/www.travel-insight.fr\/en\/"},{"@type":"ListItem","position":2,"name":"How can we reconcile local tourism with the desire to go further afield?"}]},{"@type":"WebSite","@id":"https:\/\/www.travel-insight.fr\/en\/#website","url":"https:\/\/www.travel-insight.fr\/en\/","name":"Travel-Insight","description":"Agence de communication tourisme","publisher":{"@id":"https:\/\/www.travel-insight.fr\/en\/#organization"},"potentialAction":[{"@type":"SearchAction","target":{"@type":"EntryPoint","urlTemplate":"https:\/\/www.travel-insight.fr\/en\/?s={search_term_string}"},"query-input":{"@type":"PropertyValueSpecification","valueRequired":true,"valueName":"search_term_string"}}],"inLanguage":"en-US"},{"@type":"Organization","@id":"https:\/\/www.travel-insight.fr\/en\/#organization","name":"Travel-Insight","url":"https:\/\/www.travel-insight.fr\/en\/","logo":{"@type":"ImageObject","inLanguage":"en-US","@id":"https:\/\/www.travel-insight.fr\/en\/#\/schema\/logo\/image\/","url":"https:\/\/www.travel-insight.fr\/wp-content\/uploads\/2020\/06\/logo-travel-insight-identit\u00e9-visuelle-agence-influence.jpg","contentUrl":"https:\/\/www.travel-insight.fr\/wp-content\/uploads\/2020\/06\/logo-travel-insight-identit\u00e9-visuelle-agence-influence.jpg","width":800,"height":800,"caption":"Travel-Insight"},"image":{"@id":"https:\/\/www.travel-insight.fr\/en\/#\/schema\/logo\/image\/"},"sameAs":["https:\/\/fr-fr.facebook.com\/travelinsightfr\/","https:\/\/x.com\/travelinsightfr","https:\/\/www.instagram.com\/travelinsightfr\/","https:\/\/www.linkedin.com\/company\/travel-insight-strat\u00e9gie-digitale-&amp;-e-influence-du-tourisme."]},{"@type":"Person","@id":"https:\/\/www.travel-insight.fr\/en\/#\/schema\/person\/2eb584d7c26497ac1a033e25615bb12b","name":"Stanislas Lucien","image":{"@type":"ImageObject","inLanguage":"en-US","@id":"https:\/\/secure.gravatar.com\/avatar\/c991db95e2f3a51755573d538e908a82c805ab5e872d0c3c348868e5e518a5f1?s=96&d=mm&r=g","url":"https:\/\/secure.gravatar.com\/avatar\/c991db95e2f3a51755573d538e908a82c805ab5e872d0c3c348868e5e518a5f1?s=96&d=mm&r=g","contentUrl":"https:\/\/secure.gravatar.com\/avatar\/c991db95e2f3a51755573d538e908a82c805ab5e872d0c3c348868e5e518a5f1?s=96&d=mm&r=g","caption":"Stanislas Lucien"},"description":"C\u2019est un geek, il cr\u00e9e des sites et optimise le SEO pour \u00ab s\u2019amuser \u00bb le week-end pendant qu\u2019on regarde les s\u00e9ries recommand\u00e9es par Jeanne. Mais ce passionn\u00e9 de techno et du web sait aussi communiquer et trouver le meilleur moyen pour g\u00e9n\u00e9rer du trafic ! L\u2019administratif, c\u2019est son quotidien, la communication digitale, une vocation. Il nous envoie d\u2019ailleurs un gif chaque jour, sur sa deuxi\u00e8me passion : la bonne table.","sameAs":["https:\/\/www.travel-insight.fr\/","https:\/\/www.linkedin.com\/in\/stanislaslucien\/","https:\/\/x.com\/https:\/\/twitter.com\/lustanislas?lang=fr"],"url":"https:\/\/www.travel-insight.fr\/en\/author\/admin\/"}]}},"featured_image_src":"https:\/\/www.travel-insight.fr\/wp-content\/uploads\/2023\/11\/ITW-site-internet-4-600x400.png","featured_image_src_square":"https:\/\/www.travel-insight.fr\/wp-content\/uploads\/2023\/11\/ITW-site-internet-4-600x600.png","author_info":{"display_name":"Stanislas Lucien","author_link":"https:\/\/www.travel-insight.fr\/en\/author\/admin\/"},"_links":{"self":[{"href":"https:\/\/www.travel-insight.fr\/en\/wp-json\/wp\/v2\/posts\/18872","targetHints":{"allow":["GET"]}}],"collection":[{"href":"https:\/\/www.travel-insight.fr\/en\/wp-json\/wp\/v2\/posts"}],"about":[{"href":"https:\/\/www.travel-insight.fr\/en\/wp-json\/wp\/v2\/types\/post"}],"author":[{"embeddable":true,"href":"https:\/\/www.travel-insight.fr\/en\/wp-json\/wp\/v2\/users\/1"}],"replies":[{"embeddable":true,"href":"https:\/\/www.travel-insight.fr\/en\/wp-json\/wp\/v2\/comments?post=18872"}],"version-history":[{"count":1,"href":"https:\/\/www.travel-insight.fr\/en\/wp-json\/wp\/v2\/posts\/18872\/revisions"}],"predecessor-version":[{"id":18875,"href":"https:\/\/www.travel-insight.fr\/en\/wp-json\/wp\/v2\/posts\/18872\/revisions\/18875"}],"wp:featuredmedia":[{"embeddable":true,"href":"https:\/\/www.travel-insight.fr\/en\/wp-json\/wp\/v2\/media\/16344"}],"wp:attachment":[{"href":"https:\/\/www.travel-insight.fr\/en\/wp-json\/wp\/v2\/media?parent=18872"}],"wp:term":[{"taxonomy":"category","embeddable":true,"href":"https:\/\/www.travel-insight.fr\/en\/wp-json\/wp\/v2\/categories?post=18872"},{"taxonomy":"post_tag","embeddable":true,"href":"https:\/\/www.travel-insight.fr\/en\/wp-json\/wp\/v2\/tags?post=18872"}],"curies":[{"name":"wp","href":"https:\/\/api.w.org\/{rel}","templated":true}]}}