{"id":18866,"date":"2023-11-08T17:35:11","date_gmt":"2023-11-08T16:35:11","guid":{"rendered":"https:\/\/www.travel-insight.fr\/como-conciliar-el-turismo-local-con-el-deseo-de-ir-mas-lejos\/"},"modified":"2024-09-02T16:23:33","modified_gmt":"2024-09-02T14:23:33","slug":"como-conciliar-el-turismo-local-con-el-deseo-de-ir-mas-lejos","status":"publish","type":"post","link":"https:\/\/www.travel-insight.fr\/es\/como-conciliar-el-turismo-local-con-el-deseo-de-ir-mas-lejos\/","title":{"rendered":"\u00bfC\u00f3mo conciliar el turismo local con el deseo de ir m\u00e1s lejos?"},"content":{"rendered":"\n<p>El Salon des Voyages en Auvergne, el<strong> primer gran sal\u00f3n dedicado al mundo del turismo en pleno centro de Francia<\/strong>, abrir\u00e1 pronto sus puertas en su primera edici\u00f3n.\nUn sal\u00f3n festivo, familiar&#8230;\nPero sobre todo h\u00edbrido.\nEl concepto se basa en la promoci\u00f3n de todos los destinos de Francia y del extranjero, pero tambi\u00e9n en poner de relieve el territorio de Auvernia.\n\u00a1Todo un reto!    <\/p>\n\n<p>Hoy Travel-Insight entrevista a Jessica Pommier, fundadora de Salon des Voyages, para saber m\u00e1s.  <\/p>\n\n<p><strong>1 &#8211; \u00bfPuedes presentarte en pocas l\u00edneas?<\/strong><\/p>\n\n<p>Soy de Auvernia, y literalmente nac\u00ed y crec\u00ed en el mundo del turismo, un mundo que siempre me ha apasionado y explorado en sus m\u00faltiples facetas.<\/p>\n\n<p>Mis abuelos, agricultores productores del queso St Nectaire, crearon un camping agr\u00edcola en los a\u00f1os 70 y mis padres se hicieron cargo del hotel al aire libre cuando yo nac\u00ed.\nEn 40 a\u00f1os, se convirti\u00f3 en el camping n\u00famero 1 de Auvernia, el primer camping de 5 estrellas de la regi\u00f3n, con 450 parcelas en 13 hect\u00e1reas de terreno, un parque acu\u00e1tico y un lago artificial, todo ello construido de forma totalmente independiente a lo largo de los a\u00f1os.\nVendimos esta empresa familiar en 2021, en su apogeo, al grupo tur\u00edstico Sandaya.    <\/p>\n\n<p>Paralelamente al desarrollo de la empresa familiar, empec\u00e9 mi carrera en contenidos de marca en Walt Disney Company Francia, en marketing cinematogr\u00e1fico, y en 2015 di un giro de 360\u00b0 al emprender una vuelta al mundo de un a\u00f1o, en solitario y de mochilera.\n<br\/>Esto fue antes de la era de Instagram. Document\u00e9 mis viajes con reportajes de v\u00eddeo para ni\u00f1os.\nAs\u00ed que lanc\u00e9 un blog llamado &#8220;Mes Ptits Bouts Du Monde&#8221; para conocer a los ni\u00f1os.  <br\/><\/p>\n\n<p>A mi vuelta, profesionalic\u00e9 esta actividad, fue uno de los primeros blogs profesionales y empec\u00e9 a promocionar destinos y actores tur\u00edsticos.\nCon un posicionamiento claro: mostrar las pepitas locales de Francia con tanto entusiasmo como las del otro lado del mundo.\n<br\/>Promover el turismo local sin negar la riqueza de un viaje a un lugar lejano. Hoy en d\u00eda, una comunidad de 80.000 apasionados sigue mis aventuras, y he dejado mi mochila en unos cincuenta pa\u00edses, pero el contenido ha evolucionado conmigo, me he casado y me he convertido en madre de dos ni\u00f1as peque\u00f1as.\nAhora tengo 36 a\u00f1os y trabajo a diario para promover el turismo. Soy fundadora y presidenta de la asociaci\u00f3n de personas mayores &#8220;Perp\u00e8te Les Olivettes &#8211; Raconte nous un voyage&#8221; y organizo varios eventos de viajes en mi regi\u00f3n con la asociaci\u00f3n &#8220;Les Passeurs d&#8217;Aventure&#8221;.   <br\/><br\/>En 2024, me arriesgo a lanzar un nuevo Salon Des Voyages en el mercado franc\u00e9s, situado en mi regi\u00f3n natal de Auvernia.\nHe creado una nueva empresa dedicada a organizarlo y quiero establecer este evento como una cita anual en la regi\u00f3n.\nLa primera edici\u00f3n tendr\u00e1 lugar los d\u00edas 20 y 21 de enero de 2024 en el centro de convenciones Polydome de Clermont-Ferrand.  <\/p>\n\n<p><a href=\"http:\/\/www.salondesvoyages.fr\/\" target=\"_blank\" rel=\"noreferrer noopener\"><\/a><a href=\"http:\/\/www.salondesvoyages.fr\/\">www.salondesvoyages.fr<\/a><\/p>\n\n<figure class=\"wp-block-image size-large is-resized\"><img fetchpriority=\"high\" decoding=\"async\" width=\"686\" height=\"1024\" src=\"https:\/\/www.travel-insight.fr\/wp-content\/uploads\/2023\/11\/40c67442-29a4-44a0-ab9c-eaeab8ad442a-686x1024.jpg\" alt=\"\" class=\"wp-image-8536\" style=\"aspect-ratio:0.9027552674230146;width:132px;height:auto\" srcset=\"https:\/\/www.travel-insight.fr\/wp-content\/uploads\/2023\/11\/40c67442-29a4-44a0-ab9c-eaeab8ad442a-686x1024.jpg 686w, https:\/\/www.travel-insight.fr\/wp-content\/uploads\/2023\/11\/40c67442-29a4-44a0-ab9c-eaeab8ad442a-201x300.jpg 201w, https:\/\/www.travel-insight.fr\/wp-content\/uploads\/2023\/11\/40c67442-29a4-44a0-ab9c-eaeab8ad442a-768x1146.jpg 768w, https:\/\/www.travel-insight.fr\/wp-content\/uploads\/2023\/11\/40c67442-29a4-44a0-ab9c-eaeab8ad442a-1029x1536.jpg 1029w, https:\/\/www.travel-insight.fr\/wp-content\/uploads\/2023\/11\/40c67442-29a4-44a0-ab9c-eaeab8ad442a.jpg 1175w\" sizes=\"(max-width: 686px) 100vw, 686px\" \/><\/figure>\n<p><strong>2. \u00bfCu\u00e1l es la misi\u00f3n y el objetivo del Sal\u00f3n de los Viajes en Auvernia?  <\/strong><\/p>\n\n<p><em>\u00bfPor qu\u00e9 lanzar un nuevo Salon des en Auvernia?<\/em><\/p>\n\n<p>\u00bfPor qu\u00e9 lanzar un nuevo Salon des Voyages en Auvernia?\nSencillamente porque quer\u00eda ofrecer un sal\u00f3n ultraconectado que midiera la importancia de la tecnolog\u00eda digital en el turismo y diera voz a blogueros de los 4 rincones de Francia, embajadores de sus regiones y hoy fuente de inspiraci\u00f3n para futuras vacaciones.\nComo yo misma he sido una influencer de viajes durante los \u00faltimos 8 a\u00f1os, estoy capitalizando este eje de comunicaci\u00f3n y trayendo a compa\u00f1eros blogueros de viajes para que den una serie de charlas.  <\/p>\n\n<p>Mi objetivo tambi\u00e9n es crear un espect\u00e1culo h\u00edbrido que ponga de relieve tanto las iniciativas locales como los viajes lejanos: demostrar que tambi\u00e9n se puede cambiar de aires cerca de casa.\nPor eso dedicamos una atenci\u00f3n especial a Auvernia y las regiones vecinas. <\/p>\n\n<p><em>\u00bfPor qu\u00e9 Auvernia?<\/em><\/p>\n\n<p>Porque est\u00e1 justo en el centro de Francia, con un gran potencial de viajeros.\nEstos viajeros parten hacia destinos internacionales a trav\u00e9s de los aeropuertos de Lyon o Clermont-Ferrand, con escala en Par\u00eds.\nAl estar situados en el coraz\u00f3n de Francia, tambi\u00e9n irradian hacia el exterior para sus estancias en el territorio nacional, por eso es tan importante para los destinos franceses dirigirse a esta clientela central.  <\/p>\n\n<p>Adem\u00e1s, actualmente no existe en la regi\u00f3n ninguna feria de turismo similar, centrada tanto en el turismo local como en el internacional.\n\u00a1Aqu\u00ed hay una verdadera carta que jugar! <\/p>\n\n<figure class=\"wp-block-image size-large\"><img decoding=\"async\" width=\"1024\" height=\"576\" src=\"https:\/\/www.travel-insight.fr\/wp-content\/uploads\/2023\/11\/ITW-site-internet-2-1024x576.png\" alt=\"\" class=\"wp-image-8527\" srcset=\"https:\/\/www.travel-insight.fr\/wp-content\/uploads\/2023\/11\/ITW-site-internet-2-1024x576.png 1024w, https:\/\/www.travel-insight.fr\/wp-content\/uploads\/2023\/11\/ITW-site-internet-2-300x169.png 300w, https:\/\/www.travel-insight.fr\/wp-content\/uploads\/2023\/11\/ITW-site-internet-2-768x432.png 768w, https:\/\/www.travel-insight.fr\/wp-content\/uploads\/2023\/11\/ITW-site-internet-2.png 1200w\" sizes=\"(max-width: 1024px) 100vw, 1024px\" \/><\/figure>\n<p><strong>3- \u00bfCu\u00e1les son tus objetivos actuales y futuros?<\/strong><\/p>\n\n<p>Mi objetivo es reunir a los agentes del turismo y a la &#8220;nueva generaci\u00f3n&#8221; de viajeros.\nCon un p\u00fablico familiar, m\u00e1s joven que el de las ferias de turismo actuales, y un p\u00fablico principal de mujeres responsables de compras de entre 30 y 50 a\u00f1os.\nUna feria BtoC a escala humana, con el objetivo de ser amistosa y festiva.  <\/p>\n\n<p><strong>4 &#8211; \u00bfC\u00f3mo van los preparativos de esta 1\u00aa edici\u00f3n?  <\/strong><\/p>\n\n<p>\u00a1Una primera edici\u00f3n es todo un reto y una carrera contra el tiempo!<\/p>\n\n<p>Al mismo tiempo, tenemos que dar a conocer el sal\u00f3n, comunicar sus caracter\u00edsticas diferenciadoras y convencer inmediatamente a los expositores de que den una oportunidad a la nueva generaci\u00f3n del turismo.\nA veces oigo a la gente decir &#8220;vendremos como visitantes a la primera edici\u00f3n para ver si exponemos el a\u00f1o que viene, pero bien hecho, es estupendo ver este soplo de aire fresco y nuevas ideas en el sector&#8221;.\nY admito que es terriblemente frustrante.  <\/p>\n\n<p>Soy independiente en este programa, que dirijo yo sola, y si me he lanzado a un proyecto de tal envergadura a pesar de la monta\u00f1a de desaf\u00edos, \u00a1es porque creo m\u00e1s que nunca en el potencial de este programa!\nPero no puedes hacer nada sola, por mucha energ\u00eda y fuerza de voluntad que pongas d\u00eda y noche.\nNo puedo construir un sal\u00f3n yo sola: \u00a1es la fuerza de los expositores desde el primer a\u00f1o lo que har\u00e1 que sea un \u00e9xito!  <\/p>\n\n<p>Me gustar\u00eda dar las gracias a todos los agentes del sector tur\u00edstico que fueron pioneros en el Salon des Voyages por su confianza, y a los profesionales que me rodean por darme la fuerza que necesito.\nEs un reto para ellos, pero su voluntad de participar en un evento nuevo y probar suerte en la aventura es una prueba de la audacia y el garbo del sector. <\/p>\n\n<p><strong>5- \u00bfPor qu\u00e9 elegiste trabajar con Travel-Insight para gestionar tus relaciones con la prensa?<\/strong><\/p>\n\n<p>Ya he trabajado con la agencia como influencer de viajes y reconozco la experiencia del equipo.\nA lo largo de los a\u00f1os, he visto c\u00f3mo Travel Insight dejaba su huella en la industria de los viajes y se convert\u00eda en un actor clave del sector. <\/p>\n\n<p>2 j\u00f3venes emprendedores, C\u00e9lia y Stan, tambi\u00e9n una nueva generaci\u00f3n, que no dudaron en lanzarse a un mercado ya maduro, con una fuerza de ataque digital sin precedentes.\nA partir de entonces, han desarrollado varias \u00e1reas de especializaci\u00f3n, entre ellas las relaciones con la prensa. <\/p>\n\n<p>Uno de mis primeros retos fue dar a conocer el sal\u00f3n, hacerme visible para el sector tur\u00edstico, y la agenda de Travel-Insight puede ponerte en contacto con las personas adecuadas.\nAdem\u00e1s, tengo mi sede en Auvernia, y muchos de mis clientes potenciales est\u00e1n en la regi\u00f3n de Par\u00eds, as\u00ed que necesitaba un equipo en el que pudiera confiar para que llevara mi voz hasta all\u00ed y me representara. <\/p>\n\n<p><strong>6- \u00bfQu\u00e9 mensaje te gustar\u00eda transmitir a los periodistas?<\/strong><\/p>\n\n<p>El paisaje tur\u00edstico est\u00e1 en constante evoluci\u00f3n, y debemos estar al tanto de las nuevas tendencias y de las necesidades de los viajeros, tanto en Francia como en el extranjero.\nEste sal\u00f3n es una oportunidad para conciliar el turismo local con el deseo de ir m\u00e1s lejos, trabajando al mismo tiempo por un turismo m\u00e1s responsable. <\/p>\n\n<figure class=\"wp-block-image size-large\"><img decoding=\"async\" width=\"1024\" height=\"529\" src=\"https:\/\/www.travel-insight.fr\/wp-content\/uploads\/2023\/11\/image0-1024x529.jpeg\" alt=\"\" class=\"wp-image-8531\" srcset=\"https:\/\/www.travel-insight.fr\/wp-content\/uploads\/2023\/11\/image0-1024x529.jpeg 1024w, https:\/\/www.travel-insight.fr\/wp-content\/uploads\/2023\/11\/image0-300x155.jpeg 300w, https:\/\/www.travel-insight.fr\/wp-content\/uploads\/2023\/11\/image0-768x397.jpeg 768w, https:\/\/www.travel-insight.fr\/wp-content\/uploads\/2023\/11\/image0-1536x794.jpeg 1536w, https:\/\/www.travel-insight.fr\/wp-content\/uploads\/2023\/11\/image0-2048x1059.jpeg 2048w, https:\/\/www.travel-insight.fr\/wp-content\/uploads\/2023\/11\/image0-1568x811.jpeg 1568w\" sizes=\"(max-width: 1024px) 100vw, 1024px\" \/><\/figure>\n<p><strong>7- \u00bfUnas palabras finales?<\/strong><\/p>\n\n<p><br\/><br\/><br\/><br\/>A veces me han dicho que es una &#8220;locura&#8221; lanzar una nueva feria, pero creo que el esp\u00edritu empresarial requiere a veces una dosis de temeridad. Pero, sobre todo, requiere una voluntad y una energ\u00eda irreprochables. Lo \u00fanico que te pido hoy es que pongas a prueba el adagio &#8220;No sab\u00edan que era imposible, as\u00ed que lo hicieron&#8221;. Si perteneces al sector tur\u00edstico y quieres participar en esta aventura, \u00a1tienes hasta el 20 de noviembre para<a href=\"https:\/\/www.salondesvoyages.fr\/contact\">inscribirte<\/a>!<\/p>\n","protected":false},"excerpt":{"rendered":"<p>El Salon des Voyages en Auvergne, el primer gran sal\u00f3n dedicado al mundo del turismo en pleno centro de Francia, abrir\u00e1 pronto sus puertas en su primera edici\u00f3n. Un sal\u00f3n festivo, familiar&#8230; Pero sobre todo h\u00edbrido. El concepto se basa en la promoci\u00f3n de todos los destinos de Francia y del extranjero, pero tambi\u00e9n en&hellip; <a class=\"more-link\" href=\"https:\/\/www.travel-insight.fr\/es\/como-conciliar-el-turismo-local-con-el-deseo-de-ir-mas-lejos\/\">Continue reading <span class=\"screen-reader-text\">\u00bfC\u00f3mo conciliar el turismo local con el deseo de ir m\u00e1s lejos?<\/span><\/a><\/p>\n","protected":false},"author":1,"featured_media":16347,"comment_status":"closed","ping_status":"closed","sticky":false,"template":"","format":"standard","meta":{"_acf_changed":false,"footnotes":""},"categories":[589],"tags":[],"class_list":["post-18866","post","type-post","status-publish","format-standard","has-post-thumbnail","hentry","category-entrevistas","entry"],"acf":[],"yoast_head":"<!-- This site is optimized with the Yoast SEO Premium plugin v23.4 (Yoast SEO v27.5) - https:\/\/yoast.com\/product\/yoast-seo-premium-wordpress\/ -->\n<title>\u00bfC\u00f3mo conciliar el turismo local con el deseo de ir m\u00e1s lejos? &#8211; Travel Insight<\/title>\n<meta name=\"description\" content=\"El Salon des Voyages en Auvergne, la primera gran exposici\u00f3n dedicada al mundo del turismo, abrir\u00e1 pronto sus puertas por primera vez.\" \/>\n<meta name=\"robots\" content=\"index, follow, max-snippet:-1, max-image-preview:large, max-video-preview:-1\" \/>\n<link rel=\"canonical\" href=\"https:\/\/www.travel-insight.fr\/es\/como-conciliar-el-turismo-local-con-el-deseo-de-ir-mas-lejos\/\" \/>\n<meta property=\"og:locale\" content=\"es_ES\" \/>\n<meta property=\"og:type\" content=\"article\" \/>\n<meta property=\"og:title\" content=\"\u00bfC\u00f3mo conciliar el turismo local con el deseo de ir m\u00e1s lejos?\" \/>\n<meta property=\"og:description\" content=\"El Salon des Voyages en Auvergne, la primera gran exposici\u00f3n dedicada al mundo del turismo, abrir\u00e1 pronto sus puertas por primera vez.\" \/>\n<meta property=\"og:url\" content=\"https:\/\/www.travel-insight.fr\/es\/como-conciliar-el-turismo-local-con-el-deseo-de-ir-mas-lejos\/\" \/>\n<meta property=\"og:site_name\" content=\"Travel Insight\" \/>\n<meta property=\"article:publisher\" content=\"https:\/\/fr-fr.facebook.com\/travelinsightfr\/\" \/>\n<meta property=\"article:published_time\" content=\"2023-11-08T16:35:11+00:00\" \/>\n<meta property=\"article:modified_time\" content=\"2024-09-02T14:23:33+00:00\" \/>\n<meta property=\"og:image\" content=\"https:\/\/www.travel-insight.fr\/wp-content\/uploads\/2023\/11\/ITW-site-internet-4.png\" \/>\n\t<meta property=\"og:image:width\" content=\"1200\" \/>\n\t<meta property=\"og:image:height\" content=\"675\" \/>\n\t<meta property=\"og:image:type\" content=\"image\/png\" \/>\n<meta name=\"author\" content=\"Stanislas Lucien\" \/>\n<meta name=\"twitter:card\" content=\"summary_large_image\" \/>\n<meta name=\"twitter:creator\" content=\"@https:\/\/twitter.com\/lustanislas?lang=fr\" \/>\n<meta name=\"twitter:site\" content=\"@travelinsightfr\" \/>\n<meta name=\"twitter:label1\" content=\"Escrito por\" \/>\n\t<meta name=\"twitter:data1\" content=\"Stanislas Lucien\" \/>\n\t<meta name=\"twitter:label2\" content=\"Tiempo de lectura\" \/>\n\t<meta name=\"twitter:data2\" content=\"7 minutos\" \/>\n<script type=\"application\/ld+json\" class=\"yoast-schema-graph\">{\"@context\":\"https:\\\/\\\/schema.org\",\"@graph\":[{\"@type\":\"Article\",\"@id\":\"https:\\\/\\\/www.travel-insight.fr\\\/es\\\/como-conciliar-el-turismo-local-con-el-deseo-de-ir-mas-lejos\\\/#article\",\"isPartOf\":{\"@id\":\"https:\\\/\\\/www.travel-insight.fr\\\/es\\\/como-conciliar-el-turismo-local-con-el-deseo-de-ir-mas-lejos\\\/\"},\"author\":{\"name\":\"Stanislas Lucien\",\"@id\":\"https:\\\/\\\/www.travel-insight.fr\\\/es\\\/#\\\/schema\\\/person\\\/2eb584d7c26497ac1a033e25615bb12b\"},\"headline\":\"\u00bfC\u00f3mo conciliar el turismo local con el deseo de ir m\u00e1s lejos?\",\"datePublished\":\"2023-11-08T16:35:11+00:00\",\"dateModified\":\"2024-09-02T14:23:33+00:00\",\"mainEntityOfPage\":{\"@id\":\"https:\\\/\\\/www.travel-insight.fr\\\/es\\\/como-conciliar-el-turismo-local-con-el-deseo-de-ir-mas-lejos\\\/\"},\"wordCount\":1466,\"publisher\":{\"@id\":\"https:\\\/\\\/www.travel-insight.fr\\\/es\\\/#organization\"},\"image\":{\"@id\":\"https:\\\/\\\/www.travel-insight.fr\\\/es\\\/como-conciliar-el-turismo-local-con-el-deseo-de-ir-mas-lejos\\\/#primaryimage\"},\"thumbnailUrl\":\"https:\\\/\\\/www.travel-insight.fr\\\/wp-content\\\/uploads\\\/2023\\\/11\\\/ITW-site-internet-4.png\",\"articleSection\":[\"Entrevistas\"],\"inLanguage\":\"es\"},{\"@type\":\"WebPage\",\"@id\":\"https:\\\/\\\/www.travel-insight.fr\\\/es\\\/como-conciliar-el-turismo-local-con-el-deseo-de-ir-mas-lejos\\\/\",\"url\":\"https:\\\/\\\/www.travel-insight.fr\\\/es\\\/como-conciliar-el-turismo-local-con-el-deseo-de-ir-mas-lejos\\\/\",\"name\":\"\u00bfC\u00f3mo conciliar el turismo local con el deseo de ir m\u00e1s lejos? &#8211; Travel Insight\",\"isPartOf\":{\"@id\":\"https:\\\/\\\/www.travel-insight.fr\\\/es\\\/#website\"},\"primaryImageOfPage\":{\"@id\":\"https:\\\/\\\/www.travel-insight.fr\\\/es\\\/como-conciliar-el-turismo-local-con-el-deseo-de-ir-mas-lejos\\\/#primaryimage\"},\"image\":{\"@id\":\"https:\\\/\\\/www.travel-insight.fr\\\/es\\\/como-conciliar-el-turismo-local-con-el-deseo-de-ir-mas-lejos\\\/#primaryimage\"},\"thumbnailUrl\":\"https:\\\/\\\/www.travel-insight.fr\\\/wp-content\\\/uploads\\\/2023\\\/11\\\/ITW-site-internet-4.png\",\"datePublished\":\"2023-11-08T16:35:11+00:00\",\"dateModified\":\"2024-09-02T14:23:33+00:00\",\"description\":\"El Salon des Voyages en Auvergne, la primera gran exposici\u00f3n dedicada al mundo del turismo, abrir\u00e1 pronto sus puertas por primera vez.\",\"breadcrumb\":{\"@id\":\"https:\\\/\\\/www.travel-insight.fr\\\/es\\\/como-conciliar-el-turismo-local-con-el-deseo-de-ir-mas-lejos\\\/#breadcrumb\"},\"inLanguage\":\"es\",\"potentialAction\":[{\"@type\":\"ReadAction\",\"target\":[\"https:\\\/\\\/www.travel-insight.fr\\\/es\\\/como-conciliar-el-turismo-local-con-el-deseo-de-ir-mas-lejos\\\/\"]}]},{\"@type\":\"ImageObject\",\"inLanguage\":\"es\",\"@id\":\"https:\\\/\\\/www.travel-insight.fr\\\/es\\\/como-conciliar-el-turismo-local-con-el-deseo-de-ir-mas-lejos\\\/#primaryimage\",\"url\":\"https:\\\/\\\/www.travel-insight.fr\\\/wp-content\\\/uploads\\\/2023\\\/11\\\/ITW-site-internet-4.png\",\"contentUrl\":\"https:\\\/\\\/www.travel-insight.fr\\\/wp-content\\\/uploads\\\/2023\\\/11\\\/ITW-site-internet-4.png\",\"width\":1200,\"height\":675},{\"@type\":\"BreadcrumbList\",\"@id\":\"https:\\\/\\\/www.travel-insight.fr\\\/es\\\/como-conciliar-el-turismo-local-con-el-deseo-de-ir-mas-lejos\\\/#breadcrumb\",\"itemListElement\":[{\"@type\":\"ListItem\",\"position\":1,\"name\":\"Accueil\",\"item\":\"https:\\\/\\\/www.travel-insight.fr\\\/es\\\/\"},{\"@type\":\"ListItem\",\"position\":2,\"name\":\"\u00bfC\u00f3mo conciliar el turismo local con el deseo de ir m\u00e1s lejos?\"}]},{\"@type\":\"WebSite\",\"@id\":\"https:\\\/\\\/www.travel-insight.fr\\\/es\\\/#website\",\"url\":\"https:\\\/\\\/www.travel-insight.fr\\\/es\\\/\",\"name\":\"Travel-Insight\",\"description\":\"Agence de communication tourisme\",\"publisher\":{\"@id\":\"https:\\\/\\\/www.travel-insight.fr\\\/es\\\/#organization\"},\"potentialAction\":[{\"@type\":\"SearchAction\",\"target\":{\"@type\":\"EntryPoint\",\"urlTemplate\":\"https:\\\/\\\/www.travel-insight.fr\\\/es\\\/?s={search_term_string}\"},\"query-input\":{\"@type\":\"PropertyValueSpecification\",\"valueRequired\":true,\"valueName\":\"search_term_string\"}}],\"inLanguage\":\"es\"},{\"@type\":\"Organization\",\"@id\":\"https:\\\/\\\/www.travel-insight.fr\\\/es\\\/#organization\",\"name\":\"Travel-Insight\",\"url\":\"https:\\\/\\\/www.travel-insight.fr\\\/es\\\/\",\"logo\":{\"@type\":\"ImageObject\",\"inLanguage\":\"es\",\"@id\":\"https:\\\/\\\/www.travel-insight.fr\\\/es\\\/#\\\/schema\\\/logo\\\/image\\\/\",\"url\":\"https:\\\/\\\/www.travel-insight.fr\\\/wp-content\\\/uploads\\\/2020\\\/06\\\/logo-travel-insight-identit\u00e9-visuelle-agence-influence.jpg\",\"contentUrl\":\"https:\\\/\\\/www.travel-insight.fr\\\/wp-content\\\/uploads\\\/2020\\\/06\\\/logo-travel-insight-identit\u00e9-visuelle-agence-influence.jpg\",\"width\":800,\"height\":800,\"caption\":\"Travel-Insight\"},\"image\":{\"@id\":\"https:\\\/\\\/www.travel-insight.fr\\\/es\\\/#\\\/schema\\\/logo\\\/image\\\/\"},\"sameAs\":[\"https:\\\/\\\/fr-fr.facebook.com\\\/travelinsightfr\\\/\",\"https:\\\/\\\/x.com\\\/travelinsightfr\",\"https:\\\/\\\/www.instagram.com\\\/travelinsightfr\\\/\",\"https:\\\/\\\/www.linkedin.com\\\/company\\\/travel-insight-strat\u00e9gie-digitale-&amp;-e-influence-du-tourisme.\"]},{\"@type\":\"Person\",\"@id\":\"https:\\\/\\\/www.travel-insight.fr\\\/es\\\/#\\\/schema\\\/person\\\/2eb584d7c26497ac1a033e25615bb12b\",\"name\":\"Stanislas Lucien\",\"image\":{\"@type\":\"ImageObject\",\"inLanguage\":\"es\",\"@id\":\"https:\\\/\\\/secure.gravatar.com\\\/avatar\\\/c991db95e2f3a51755573d538e908a82c805ab5e872d0c3c348868e5e518a5f1?s=96&d=mm&r=g\",\"url\":\"https:\\\/\\\/secure.gravatar.com\\\/avatar\\\/c991db95e2f3a51755573d538e908a82c805ab5e872d0c3c348868e5e518a5f1?s=96&d=mm&r=g\",\"contentUrl\":\"https:\\\/\\\/secure.gravatar.com\\\/avatar\\\/c991db95e2f3a51755573d538e908a82c805ab5e872d0c3c348868e5e518a5f1?s=96&d=mm&r=g\",\"caption\":\"Stanislas Lucien\"},\"description\":\"C\u2019est un geek, il cr\u00e9e des sites et optimise le SEO pour \u00ab s\u2019amuser \u00bb le week-end pendant qu\u2019on regarde les s\u00e9ries recommand\u00e9es par Jeanne. Mais ce passionn\u00e9 de techno et du web sait aussi communiquer et trouver le meilleur moyen pour g\u00e9n\u00e9rer du trafic ! L\u2019administratif, c\u2019est son quotidien, la communication digitale, une vocation. Il nous envoie d\u2019ailleurs un gif chaque jour, sur sa deuxi\u00e8me passion : la bonne table.\",\"sameAs\":[\"https:\\\/\\\/www.travel-insight.fr\\\/\",\"https:\\\/\\\/www.linkedin.com\\\/in\\\/stanislaslucien\\\/\",\"https:\\\/\\\/x.com\\\/https:\\\/\\\/twitter.com\\\/lustanislas?lang=fr\"],\"url\":\"https:\\\/\\\/www.travel-insight.fr\\\/es\\\/author\\\/admin\\\/\"}]}<\/script>\n<!-- \/ Yoast SEO Premium plugin. -->","yoast_head_json":{"title":"\u00bfC\u00f3mo conciliar el turismo local con el deseo de ir m\u00e1s lejos? &#8211; Travel Insight","description":"El Salon des Voyages en Auvergne, la primera gran exposici\u00f3n dedicada al mundo del turismo, abrir\u00e1 pronto sus puertas por primera vez.","robots":{"index":"index","follow":"follow","max-snippet":"max-snippet:-1","max-image-preview":"max-image-preview:large","max-video-preview":"max-video-preview:-1"},"canonical":"https:\/\/www.travel-insight.fr\/es\/como-conciliar-el-turismo-local-con-el-deseo-de-ir-mas-lejos\/","og_locale":"es_ES","og_type":"article","og_title":"\u00bfC\u00f3mo conciliar el turismo local con el deseo de ir m\u00e1s lejos?","og_description":"El Salon des Voyages en Auvergne, la primera gran exposici\u00f3n dedicada al mundo del turismo, abrir\u00e1 pronto sus puertas por primera vez.","og_url":"https:\/\/www.travel-insight.fr\/es\/como-conciliar-el-turismo-local-con-el-deseo-de-ir-mas-lejos\/","og_site_name":"Travel Insight","article_publisher":"https:\/\/fr-fr.facebook.com\/travelinsightfr\/","article_published_time":"2023-11-08T16:35:11+00:00","article_modified_time":"2024-09-02T14:23:33+00:00","og_image":[{"width":1200,"height":675,"url":"https:\/\/www.travel-insight.fr\/wp-content\/uploads\/2023\/11\/ITW-site-internet-4.png","type":"image\/png"}],"author":"Stanislas Lucien","twitter_card":"summary_large_image","twitter_creator":"@https:\/\/twitter.com\/lustanislas?lang=fr","twitter_site":"@travelinsightfr","twitter_misc":{"Escrito por":"Stanislas Lucien","Tiempo de lectura":"7 minutos"},"schema":{"@context":"https:\/\/schema.org","@graph":[{"@type":"Article","@id":"https:\/\/www.travel-insight.fr\/es\/como-conciliar-el-turismo-local-con-el-deseo-de-ir-mas-lejos\/#article","isPartOf":{"@id":"https:\/\/www.travel-insight.fr\/es\/como-conciliar-el-turismo-local-con-el-deseo-de-ir-mas-lejos\/"},"author":{"name":"Stanislas Lucien","@id":"https:\/\/www.travel-insight.fr\/es\/#\/schema\/person\/2eb584d7c26497ac1a033e25615bb12b"},"headline":"\u00bfC\u00f3mo conciliar el turismo local con el deseo de ir m\u00e1s lejos?","datePublished":"2023-11-08T16:35:11+00:00","dateModified":"2024-09-02T14:23:33+00:00","mainEntityOfPage":{"@id":"https:\/\/www.travel-insight.fr\/es\/como-conciliar-el-turismo-local-con-el-deseo-de-ir-mas-lejos\/"},"wordCount":1466,"publisher":{"@id":"https:\/\/www.travel-insight.fr\/es\/#organization"},"image":{"@id":"https:\/\/www.travel-insight.fr\/es\/como-conciliar-el-turismo-local-con-el-deseo-de-ir-mas-lejos\/#primaryimage"},"thumbnailUrl":"https:\/\/www.travel-insight.fr\/wp-content\/uploads\/2023\/11\/ITW-site-internet-4.png","articleSection":["Entrevistas"],"inLanguage":"es"},{"@type":"WebPage","@id":"https:\/\/www.travel-insight.fr\/es\/como-conciliar-el-turismo-local-con-el-deseo-de-ir-mas-lejos\/","url":"https:\/\/www.travel-insight.fr\/es\/como-conciliar-el-turismo-local-con-el-deseo-de-ir-mas-lejos\/","name":"\u00bfC\u00f3mo conciliar el turismo local con el deseo de ir m\u00e1s lejos? &#8211; Travel Insight","isPartOf":{"@id":"https:\/\/www.travel-insight.fr\/es\/#website"},"primaryImageOfPage":{"@id":"https:\/\/www.travel-insight.fr\/es\/como-conciliar-el-turismo-local-con-el-deseo-de-ir-mas-lejos\/#primaryimage"},"image":{"@id":"https:\/\/www.travel-insight.fr\/es\/como-conciliar-el-turismo-local-con-el-deseo-de-ir-mas-lejos\/#primaryimage"},"thumbnailUrl":"https:\/\/www.travel-insight.fr\/wp-content\/uploads\/2023\/11\/ITW-site-internet-4.png","datePublished":"2023-11-08T16:35:11+00:00","dateModified":"2024-09-02T14:23:33+00:00","description":"El Salon des Voyages en Auvergne, la primera gran exposici\u00f3n dedicada al mundo del turismo, abrir\u00e1 pronto sus puertas por primera vez.","breadcrumb":{"@id":"https:\/\/www.travel-insight.fr\/es\/como-conciliar-el-turismo-local-con-el-deseo-de-ir-mas-lejos\/#breadcrumb"},"inLanguage":"es","potentialAction":[{"@type":"ReadAction","target":["https:\/\/www.travel-insight.fr\/es\/como-conciliar-el-turismo-local-con-el-deseo-de-ir-mas-lejos\/"]}]},{"@type":"ImageObject","inLanguage":"es","@id":"https:\/\/www.travel-insight.fr\/es\/como-conciliar-el-turismo-local-con-el-deseo-de-ir-mas-lejos\/#primaryimage","url":"https:\/\/www.travel-insight.fr\/wp-content\/uploads\/2023\/11\/ITW-site-internet-4.png","contentUrl":"https:\/\/www.travel-insight.fr\/wp-content\/uploads\/2023\/11\/ITW-site-internet-4.png","width":1200,"height":675},{"@type":"BreadcrumbList","@id":"https:\/\/www.travel-insight.fr\/es\/como-conciliar-el-turismo-local-con-el-deseo-de-ir-mas-lejos\/#breadcrumb","itemListElement":[{"@type":"ListItem","position":1,"name":"Accueil","item":"https:\/\/www.travel-insight.fr\/es\/"},{"@type":"ListItem","position":2,"name":"\u00bfC\u00f3mo conciliar el turismo local con el deseo de ir m\u00e1s lejos?"}]},{"@type":"WebSite","@id":"https:\/\/www.travel-insight.fr\/es\/#website","url":"https:\/\/www.travel-insight.fr\/es\/","name":"Travel-Insight","description":"Agence de communication tourisme","publisher":{"@id":"https:\/\/www.travel-insight.fr\/es\/#organization"},"potentialAction":[{"@type":"SearchAction","target":{"@type":"EntryPoint","urlTemplate":"https:\/\/www.travel-insight.fr\/es\/?s={search_term_string}"},"query-input":{"@type":"PropertyValueSpecification","valueRequired":true,"valueName":"search_term_string"}}],"inLanguage":"es"},{"@type":"Organization","@id":"https:\/\/www.travel-insight.fr\/es\/#organization","name":"Travel-Insight","url":"https:\/\/www.travel-insight.fr\/es\/","logo":{"@type":"ImageObject","inLanguage":"es","@id":"https:\/\/www.travel-insight.fr\/es\/#\/schema\/logo\/image\/","url":"https:\/\/www.travel-insight.fr\/wp-content\/uploads\/2020\/06\/logo-travel-insight-identit\u00e9-visuelle-agence-influence.jpg","contentUrl":"https:\/\/www.travel-insight.fr\/wp-content\/uploads\/2020\/06\/logo-travel-insight-identit\u00e9-visuelle-agence-influence.jpg","width":800,"height":800,"caption":"Travel-Insight"},"image":{"@id":"https:\/\/www.travel-insight.fr\/es\/#\/schema\/logo\/image\/"},"sameAs":["https:\/\/fr-fr.facebook.com\/travelinsightfr\/","https:\/\/x.com\/travelinsightfr","https:\/\/www.instagram.com\/travelinsightfr\/","https:\/\/www.linkedin.com\/company\/travel-insight-strat\u00e9gie-digitale-&amp;-e-influence-du-tourisme."]},{"@type":"Person","@id":"https:\/\/www.travel-insight.fr\/es\/#\/schema\/person\/2eb584d7c26497ac1a033e25615bb12b","name":"Stanislas Lucien","image":{"@type":"ImageObject","inLanguage":"es","@id":"https:\/\/secure.gravatar.com\/avatar\/c991db95e2f3a51755573d538e908a82c805ab5e872d0c3c348868e5e518a5f1?s=96&d=mm&r=g","url":"https:\/\/secure.gravatar.com\/avatar\/c991db95e2f3a51755573d538e908a82c805ab5e872d0c3c348868e5e518a5f1?s=96&d=mm&r=g","contentUrl":"https:\/\/secure.gravatar.com\/avatar\/c991db95e2f3a51755573d538e908a82c805ab5e872d0c3c348868e5e518a5f1?s=96&d=mm&r=g","caption":"Stanislas Lucien"},"description":"C\u2019est un geek, il cr\u00e9e des sites et optimise le SEO pour \u00ab s\u2019amuser \u00bb le week-end pendant qu\u2019on regarde les s\u00e9ries recommand\u00e9es par Jeanne. Mais ce passionn\u00e9 de techno et du web sait aussi communiquer et trouver le meilleur moyen pour g\u00e9n\u00e9rer du trafic ! L\u2019administratif, c\u2019est son quotidien, la communication digitale, une vocation. Il nous envoie d\u2019ailleurs un gif chaque jour, sur sa deuxi\u00e8me passion : la bonne table.","sameAs":["https:\/\/www.travel-insight.fr\/","https:\/\/www.linkedin.com\/in\/stanislaslucien\/","https:\/\/x.com\/https:\/\/twitter.com\/lustanislas?lang=fr"],"url":"https:\/\/www.travel-insight.fr\/es\/author\/admin\/"}]}},"featured_image_src":"https:\/\/www.travel-insight.fr\/wp-content\/uploads\/2023\/11\/ITW-site-internet-4-600x400.png","featured_image_src_square":"https:\/\/www.travel-insight.fr\/wp-content\/uploads\/2023\/11\/ITW-site-internet-4-600x600.png","author_info":{"display_name":"Stanislas Lucien","author_link":"https:\/\/www.travel-insight.fr\/es\/author\/admin\/"},"_links":{"self":[{"href":"https:\/\/www.travel-insight.fr\/es\/wp-json\/wp\/v2\/posts\/18866","targetHints":{"allow":["GET"]}}],"collection":[{"href":"https:\/\/www.travel-insight.fr\/es\/wp-json\/wp\/v2\/posts"}],"about":[{"href":"https:\/\/www.travel-insight.fr\/es\/wp-json\/wp\/v2\/types\/post"}],"author":[{"embeddable":true,"href":"https:\/\/www.travel-insight.fr\/es\/wp-json\/wp\/v2\/users\/1"}],"replies":[{"embeddable":true,"href":"https:\/\/www.travel-insight.fr\/es\/wp-json\/wp\/v2\/comments?post=18866"}],"version-history":[{"count":1,"href":"https:\/\/www.travel-insight.fr\/es\/wp-json\/wp\/v2\/posts\/18866\/revisions"}],"predecessor-version":[{"id":18868,"href":"https:\/\/www.travel-insight.fr\/es\/wp-json\/wp\/v2\/posts\/18866\/revisions\/18868"}],"wp:featuredmedia":[{"embeddable":true,"href":"https:\/\/www.travel-insight.fr\/es\/wp-json\/wp\/v2\/media\/16347"}],"wp:attachment":[{"href":"https:\/\/www.travel-insight.fr\/es\/wp-json\/wp\/v2\/media?parent=18866"}],"wp:term":[{"taxonomy":"category","embeddable":true,"href":"https:\/\/www.travel-insight.fr\/es\/wp-json\/wp\/v2\/categories?post=18866"},{"taxonomy":"post_tag","embeddable":true,"href":"https:\/\/www.travel-insight.fr\/es\/wp-json\/wp\/v2\/tags?post=18866"}],"curies":[{"name":"wp","href":"https:\/\/api.w.org\/{rel}","templated":true}]}}