{"id":18333,"date":"2020-11-09T11:06:32","date_gmt":"2020-11-09T10:06:32","guid":{"rendered":"https:\/\/www.travel-insight.fr\/sostegno-e-acquisizione-del-turismo-la-visione-di-jean-pierre-pinheiro-e-karin-mallet-adonet\/"},"modified":"2020-11-09T11:06:32","modified_gmt":"2020-11-09T10:06:32","slug":"sostegno-e-acquisizione-del-turismo-la-visione-di-jean-pierre-pinheiro-e-karin-mallet-adonet","status":"publish","type":"post","link":"https:\/\/www.travel-insight.fr\/it\/sostegno-e-acquisizione-del-turismo-la-visione-di-jean-pierre-pinheiro-e-karin-mallet-adonet\/","title":{"rendered":"Sostegno e acquisizione del turismo: la visione di Jean-Pierre Pinheiro e Karin Mallet &#8211; Adonet"},"content":{"rendered":"<p style=\"text-align: justify;\"><em>Adonet<a href=\"https:\/\/www.adonet-france.fr\/\">(Association des Offices Nationaux Etrangers de Tourisme en France<\/a>) \u00e8 un organismo che raggruppa le agenzie ufficiali di promozione turistica sul mercato francese.<br \/>\nNel 1954, questo raggruppamento \u00e8 diventato un&#8217;associazione senza scopo di lucro rappresentata da 14 destinazioni.<br \/>\nOggi sono quasi 60.<br \/>\nSono anche i membri fondatori del <a href=\"https:\/\/www.salons-du-tourisme.com\/Paris\">Salon Mondial du Tourisme<\/a> e dei premi Plume d&#8217;Or, che si svolgono durante gli incontri di Adonet Media.     <\/em><\/p>\n<p style=\"text-align: justify;\"><em>Abbiamo intervistato <a href=\"https:\/\/fr.linkedin.com\/in\/jeanpierrepinheiro\">Jean-Pierre Pinheiro<\/a>, Presidente di Adonet, e <a href=\"https:\/\/fr.linkedin.com\/in\/karin-mallet-gautier-65455214\">Karin Mallet Gautier,<\/a> Vicepresidente <a href=\"https:\/\/fr.linkedin.com\/in\/karin-mallet-gautier-65455214\">,<\/a> per capire la loro visione del turismo oggi.<br \/>\nLeggi le loro risposte alle nostre domande qui di seguito. <\/em><\/p>\n<hr>\n<h2 style=\"text-align: justify;\"><strong>Puoi presentare te stesso e il tuo ruolo in Adonet?  <\/strong><\/h2>\n<p style=\"text-align: justify;\"><strong>Jean-Pierre:<\/strong> Salve a tutti, mi chiamo Jean-Pierre Pinheiro e sono il presidente di Adonet, l&#8217;associazione degli uffici nazionali del turismo estero in Francia.<br \/>\nOggi \u00e8 con me anche Karin Mallet. <\/p>\n<p style=\"text-align: justify;\"><strong>Karin:<\/strong> Salve, sono vicepresidente di Adonet.<br \/>\nInsieme a Jean Pierre, facciamo parte di un consiglio di 5 persone che presiedono questa associazione, che esiste da decine e decine di anni.<br \/>\n\u00c8 quasi una vecchia signora, vero Jean-Pierre?  <\/p>\n<p style=\"text-align: justify;\"><img fetchpriority=\"high\" decoding=\"async\" class=\"aligncenter wp-image-3643 size-full\" src=\"https:\/\/www.travel-insight.fr\/wp-content\/uploads\/2020\/11\/bureau-adonet-tourisme-travel-insight.png\" alt=\"\" width=\"944\" height=\"348\" srcset=\"https:\/\/www.travel-insight.fr\/wp-content\/uploads\/2020\/11\/bureau-adonet-tourisme-travel-insight.png 944w, https:\/\/www.travel-insight.fr\/wp-content\/uploads\/2020\/11\/bureau-adonet-tourisme-travel-insight-300x111.png 300w, https:\/\/www.travel-insight.fr\/wp-content\/uploads\/2020\/11\/bureau-adonet-tourisme-travel-insight-768x283.png 768w\" sizes=\"(max-width: 944px) 100vw, 944px\" \/><\/p>\n<p style=\"text-align: justify;\">Jean-Pierre: \u00c8 vero che lavoriamo sul mercato francese da alcuni anni.<br \/>\nL&#8217;anno scorso abbiamo festeggiato la <sup>60\u00b0<\/sup> edizione del Plume d&#8217;Or, il premio assegnato dalla stampa turistica. <\/p>\n<h2 style=\"text-align: justify;\"><strong>Qual \u00e8 la missione e gli obiettivi di Adonet?<\/strong><\/h2>\n<p style=\"text-align: justify;\"><strong>Jean-Pierre:<\/strong> Si tratta di una questione di federazione e di condivisione.<br \/>\nDi federazione, perch\u00e9 come Uffici Nazionali degli Esteri organizziamo azioni congiunte.<br \/>\nIn particolare, con la stampa organizziamo gli incontri annuali con i media e i premi Plume d&#8217;Or.<br \/>\nSi tratta di un premio assegnato al giornalista della stampa che ha svolto il miglior lavoro di promozione di una delle nostre destinazioni, ma ovviamente \u00e8 anche un &#8220;pretesto&#8221; per fare rete e mettere in contatto la stampa con le nostre 60 destinazioni.   <\/p>\n<p style=\"text-align: justify;\">Karin: L&#8217;obiettivo dell&#8217;associazione, che attualmente conta 58 membri, \u00e8 ovviamente quello di riunire altri operatori che sono sempre pi\u00f9 presenti sul mercato francese, in modo da poter portare avanti insieme le nostre azioni e parlare in difesa delle destinazioni presenti sul mercato e tra i professionisti.<\/p>\n<p style=\"text-align: justify;\">\u00c8 estremamente importante che gli Uffici del Turismo collaborino con i professionisti del turismo, siano essi produttori o distributori, per aiutarli nella programmazione e nella vendita quotidiana delle nostre destinazioni.<\/p>\n<p style=\"text-align: justify;\">Presentazione del Plume d&#8217;Or 2019\/2020:<\/p>\n<h2 style=\"text-align: justify;\"><img decoding=\"async\" class=\" wp-image-3656 alignnone\" style=\"font-size: 16px;\" src=\"https:\/\/www.travel-insight.fr\/wp-content\/uploads\/2020\/11\/0-5-225x300.jpg\" alt=\"\" width=\"212\" height=\"283\" srcset=\"https:\/\/www.travel-insight.fr\/wp-content\/uploads\/2020\/11\/0-5-225x300.jpg 225w, https:\/\/www.travel-insight.fr\/wp-content\/uploads\/2020\/11\/0-5-768x1024.jpg 768w, https:\/\/www.travel-insight.fr\/wp-content\/uploads\/2020\/11\/0-5-1152x1536.jpg 1152w, https:\/\/www.travel-insight.fr\/wp-content\/uploads\/2020\/11\/0-5-600x800.jpg 600w, https:\/\/www.travel-insight.fr\/wp-content\/uploads\/2020\/11\/0-5.jpg 1280w\" sizes=\"(max-width: 212px) 100vw, 212px\" \/><strong><img decoding=\"async\" class=\"wp-image-3642 alignnone\" src=\"https:\/\/www.travel-insight.fr\/wp-content\/uploads\/2020\/11\/plume-dor-travel-insight-adonet.png\" alt=\"\" width=\"425\" height=\"283\" srcset=\"https:\/\/www.travel-insight.fr\/wp-content\/uploads\/2020\/11\/plume-dor-travel-insight-adonet.png 616w, https:\/\/www.travel-insight.fr\/wp-content\/uploads\/2020\/11\/plume-dor-travel-insight-adonet-300x200.png 300w\" sizes=\"(max-width: 425px) 100vw, 425px\" \/><\/strong><\/h2>\n<h2 style=\"text-align: justify;\"><strong>Dall&#8217;inizio dell&#8217;anno l&#8217;industria del turismo sta attraversando momenti difficili: come stai sostenendo i tuoi membri?  <\/strong><\/h2>\n<p style=\"text-align: justify;\"><strong>Karin:<\/strong> Dobbiamo continuare a essere presenti per i nostri membri e a sostenerli.<br \/>\nAll&#8217;interno di Adonet sono state intraprese diverse iniziative durante questi periodi di reclusione.<br \/>\nE naturalmente per prepararci al futuro.  <\/p>\n<p style=\"text-align: justify;\"><strong>Jean-Pierre:<\/strong> Per noi \u00e8 molto importante mantenere i contatti tra i membri di Adonet.<br \/>\nOrganizziamo regolarmente riunioni ZOOM per discutere dei nostri problemi e delle ultime novit\u00e0, in modo da capire cosa succede negli altri paesi.<br \/>\nCon Covid, abbiamo potuto constatare che ci sono state delle fasi di riapertura delle frontiere.<br \/>\nPrima in alcune destinazioni dell&#8217;Unione Europea, poi al di fuori dell&#8217;UE.   <\/p>\n<p style=\"text-align: justify;\">Approfittiamo di questi incontri anche per condividere idee e suggerimenti per una comunicazione e una promozione efficaci.<\/p>\n<p style=\"text-align: justify;\">Possiamo vedere come ognuno di noi gestisce la situazione ed \u00e8 sempre interessante condividere le nostre esperienze, soprattutto in questi momenti pi\u00f9 delicati e difficili.<\/p>\n<p style=\"text-align: justify;\"><strong><em>I 58 membri di Adonet :<\/em><\/strong><\/p>\n<p style=\"text-align: justify;\"><img loading=\"lazy\" decoding=\"async\" class=\"aligncenter wp-image-3641 size-full\" src=\"https:\/\/www.travel-insight.fr\/wp-content\/uploads\/2020\/11\/destinations-adonet-tourisme-touristique.png\" alt=\"\" width=\"814\" height=\"480\" srcset=\"https:\/\/www.travel-insight.fr\/wp-content\/uploads\/2020\/11\/destinations-adonet-tourisme-touristique.png 814w, https:\/\/www.travel-insight.fr\/wp-content\/uploads\/2020\/11\/destinations-adonet-tourisme-touristique-300x177.png 300w, https:\/\/www.travel-insight.fr\/wp-content\/uploads\/2020\/11\/destinations-adonet-tourisme-touristique-768x453.png 768w\" sizes=\"(max-width: 814px) 100vw, 814px\" \/><\/p>\n<p style=\"text-align: justify;\">Ad esempio, abbiamo organizzato incontri con i rappresentanti della stampa.<br \/>\nEra importante capire cosa volevano da noi i team editoriali ora che i viaggi con la stampa sono molto meno numerosi.<br \/>\nSiamo stati in grado di registrare le tendenze di queste redazioni ed \u00e8 stato interessante comprendere meglio le questioni che dovranno essere affrontate una volta che l&#8217;attivit\u00e0 riprender\u00e0 su basi pi\u00f9 normali.<br \/>\nPotrebbe esserci anche un <a href=\"https:\/\/www.travel-insight.fr\/covid-19-communication-voyage-social-media\/\">altro modo di lavorare dopo Covid<\/a> con le redazioni e i giornalisti.<br \/>\nStiamo organizzando queste discussioni per aiutarci ad andare avanti insieme.    <\/p>\n<h2 style=\"text-align: justify;\"><strong>Cosa \u00e8 previsto per Adonet nel 2021?  <\/strong><\/h2>\n<p style=\"text-align: justify;\"><strong>Jean-Pierre:<\/strong> Dovremo lavorare sul lato politico, ovvero verificare con i nostri organi di controllo cosa \u00e8 previsto per le varie destinazioni.<br \/>\nInsieme alla politica e alla produzione, saremo in grado di fornire informazioni pratiche alla rete di distribuzione e ai nostri clienti. <\/p>\n<h2 style=\"text-align: justify;\"><strong>Qual \u00e8 il modo migliore per prepararsi alla ripresa del turismo prevista per la primavera del 2021?<\/strong><\/h2>\n<p style=\"text-align: justify;\"><strong>Karin:<\/strong> Dopo questi piani per il 2021, dobbiamo chiederci quando avverr\u00e0 questa ripresa del turismo.<br \/>\n\u00c8 certo che varier\u00e0 a seconda del paese, a seconda che si tratti di un viaggio a corto, medio o lungo raggio, della riapertura delle frontiere da entrambe le parti, dell&#8217;evoluzione dei test, ecc&#8230; Ci vorr\u00e0 del tempo.<br \/>\nMa pu\u00f2 anche iniziare adesso, ad esempio per un paese come le Bahamas che ha appena riaperto e i cui collegamenti aerei riprenderanno gradualmente a partire da dicembre.<br \/>\nSucceder\u00e0 gradualmente.<br \/>\nPer altri, invece, potrebbe avvenire gi\u00e0 in inverno o in primavera.<br \/>\nCosa ne pensi Jean-Pierre?     <\/p>\n<p style=\"text-align: justify;\"><strong>Jean-Pierre:<\/strong> S\u00ec, soprattutto perch\u00e9 abbiamo notato una reale necessit\u00e0 di comunicazione armonizzata.<br \/>\nDa un lato ci sono le destinazioni dell&#8217;Area Schengen e dall&#8217;altro le altre, che sono state gestite in modo diverso in termini di orari di riapertura delle frontiere. <\/p>\n<p style=\"text-align: justify;\">Ma indipendentemente da questo, se iniziamo oggi sulla base di un prossimo deconfinamento (che speriamo avvenga il prima possibile), dovremo concordare una comunicazione molto chiara.<br \/>\nAnche se domani saremo deconfinati, non sappiamo esattamente quali destinazioni saranno in grado di accoglierci, di accogliere il mercato francese.<br \/>\nQuali destinazioni rimarranno aperte, con o senza test Covid.<br \/>\nTutto questo non \u00e8 sempre molto chiaro.   <\/p>\n<p style=\"text-align: justify;\">Per questo motivo stiamo discutendo con le EDV<a href=\"https:\/\/www.travel-insight.fr\/interview-la-vision-du-tourisme-de-valerie-boned\/\">(Compagnie di Viaggio) per lavorare insieme a una comunicazione pi\u00f9 chiara<\/a>e armonizzata tra tutte le nostre destinazioni, tenendo conto di una serie di aspetti.<br \/>\nDa un lato, dobbiamo facilitare l&#8217;informazione attraverso i contatti privilegiati che abbiamo con i nostri governi, dall&#8217;altro con la produzione e la distribuzione.<br \/>\nEd \u00e8 qui che entra in gioco Les EDV, con questo lavoro congiunto per ottenere informazioni armonizzate tra i messaggi politici ma anche quelli dei professionisti ai clienti.  <\/p>\n<p style=\"text-align: justify;\"><strong>Karin:<\/strong> Inoltre, gli aeroporti per i test, i pre-test e i test di ritorno per rendere il viaggio ancora pi\u00f9 facile.<\/p>\n<p style=\"text-align: justify;\"><strong>Jean-Pierre:<\/strong> Esattamente, abbiamo parlato con ADP e Atout France, che ci hanno fornito alcuni dettagli.<br \/>\nIn effetti, nei prossimi giorni verranno introdotti i test antigenici obbligatori negli aeroporti.<br \/>\nQuesti test rapidi saranno obbligatori per tutti i passeggeri che arrivano in Francia da un mercato di destinazione o di origine al di fuori dell&#8217;area Schengen.  <\/p>\n<h2 style=\"text-align: justify;\"><strong>Qual \u00e8 la tua visione dell&#8217;industria del turismo nei prossimi mesi?<\/strong><\/h2>\n<p style=\"text-align: justify;\"><strong>Karin:<\/strong> Personalmente, direi che si svolger\u00e0 nell&#8217;arco di diversi mesi o addirittura di diversi anni.<br \/>\nMa si tratter\u00e0 certamente di una trasformazione globale e piuttosto significativa delle nostre attivit\u00e0, dei nostri modi di operare e di reagire agli imprevisti.<br \/>\nTuttavia, dobbiamo imparare molto da queste prove per poter continuare a trasformare le nostre attivit\u00e0 in meglio e attirare sempre pi\u00f9 viaggiatori nelle nostre destinazioni.  <\/p>\n<h2 style=\"text-align: justify;\"><strong>L&#8217;ultima parola?<\/strong><\/h2>\n<p style=\"text-align: justify;\"><strong>Jean-Pierre:<\/strong> \u00c8 una parola di speranza e di solidariet\u00e0.<\/p>\n<p style=\"text-align: justify;\">Il turismo \u00e8 essenziale per le nostre destinazioni e per le nostre economie, ma anche da un punto di vista sociale. Come ha detto Karin, il turismo \u00e8 anche incontrare nuove culture e fare esperienze reali sul campo in alcuni paesi molto belli.<\/p>\n<p style=\"text-align: justify;\">Solidariet\u00e0, perch\u00e9 pensiamo a tutti coloro che stanno attraversando momenti difficili.<br \/>\nSappiamo che sono molte le professioni che vengono colpite direttamente o indirettamente dal turismo.<br \/>\nMa sappiamo anche che presto potremo tornare a lavorare insieme.  <\/p>\n<p style=\"text-align: justify;\"><strong>Karin:<\/strong> Quindi il mio augurio finale \u00e8 che questa prova ci lasci trasformati, pi\u00f9 uniti che mai, combattendo insieme e non dimenticando mai che il viaggio \u00e8 certamente una delle uniche cose con cui torniamo ancora pi\u00f9 ricchi di quando siamo partiti.<br \/>\nPi\u00f9 ricchi per questo, pi\u00f9 ricchi per noi stessi e per la conoscenza degli altri.<br \/>\nE in questi tempi, in cui ci sono cos\u00ec tanti problemi di relazioni tra i popoli, all&#8217;interno dei popoli e tutti i problemi che possiamo incontrare: politici o di altro tipo&#8230; il turismo ci aiuta a muoverci verso un mondo migliore conoscendoci meglio.  <\/p>\n<p style=\"text-align: justify;\">Non vediamo l&#8217;ora di vedere i nostri membri di persona il prima possibile, non vediamo l&#8217;ora di conoscere i nostri futuri viaggiatori, non vediamo l&#8217;ora di vedere tutti i partecipanti alle fiere, non vediamo l&#8217;ora che succedano tante cose&#8230; non vediamo l&#8217;ora che arrivi questo momento!<\/p>\n<p style=\"text-align: justify;\"><strong>Jean-Pierre:<\/strong> Assolutamente s\u00ec, e sono convinto che presto potremo riunirci per parlare del futuro e lavorare nella giusta direzione!<\/p>\n<p style=\"text-align: justify;\">Ci vediamo presto.<\/p>\n","protected":false},"excerpt":{"rendered":"<p>Adonet(Association des Offices Nationaux Etrangers de Tourisme en France) \u00e8 un organismo che raggruppa le agenzie ufficiali di promozione turistica sul mercato francese. Nel 1954, questo raggruppamento \u00e8 diventato un&#8217;associazione senza scopo di lucro rappresentata da 14 destinazioni. Oggi sono quasi 60. Sono anche i membri fondatori del Salon Mondial du Tourisme e dei premi&hellip; <a class=\"more-link\" href=\"https:\/\/www.travel-insight.fr\/it\/sostegno-e-acquisizione-del-turismo-la-visione-di-jean-pierre-pinheiro-e-karin-mallet-adonet\/\">Continue reading <span class=\"screen-reader-text\">Sostegno e acquisizione del turismo: la visione di Jean-Pierre Pinheiro e Karin Mallet &#8211; Adonet<\/span><\/a><\/p>\n","protected":false},"author":1,"featured_media":13130,"comment_status":"closed","ping_status":"closed","sticky":false,"template":"","format":"video","meta":{"_acf_changed":false,"footnotes":""},"categories":[578],"tags":[],"class_list":["post-18333","post","type-post","status-publish","format-video","has-post-thumbnail","hentry","category-interviste","post_format-post-format-video","entry"],"acf":[],"yoast_head":"<!-- This site is optimized with the Yoast SEO Premium plugin v23.4 (Yoast SEO v27.5) - https:\/\/yoast.com\/product\/yoast-seo-premium-wordpress\/ -->\n<title>Sostegno e acquisizione del turismo: la visione di Jean-Pierre Pinheiro e Karin Mallet - Adonet &#8211; Travel Insight<\/title>\n<meta name=\"description\" content=\"Scopri la visione turistica di Karin Mallet dell&#039;Ufficio del Turismo delle Bahamas e di Jean Pierre Pinheiro dell&#039;Ufficio del Turismo del Portogallo per conto di Adonet.\" \/>\n<meta name=\"robots\" content=\"index, follow, max-snippet:-1, max-image-preview:large, max-video-preview:-1\" \/>\n<link rel=\"canonical\" href=\"https:\/\/www.travel-insight.fr\/it\/sostegno-e-acquisizione-del-turismo-la-visione-di-jean-pierre-pinheiro-e-karin-mallet-adonet\/\" \/>\n<meta property=\"og:locale\" content=\"it_IT\" \/>\n<meta property=\"og:type\" content=\"article\" \/>\n<meta property=\"og:title\" content=\"Sostegno e acquisizione del turismo: la visione di Jean-Pierre Pinheiro e Karin Mallet - Adonet\" \/>\n<meta property=\"og:description\" content=\"Scopri la visione turistica di Karin Mallet dell&#039;Ufficio del Turismo delle Bahamas e di Jean Pierre Pinheiro dell&#039;Ufficio del Turismo del Portogallo per conto di Adonet.\" \/>\n<meta property=\"og:url\" content=\"https:\/\/www.travel-insight.fr\/it\/sostegno-e-acquisizione-del-turismo-la-visione-di-jean-pierre-pinheiro-e-karin-mallet-adonet\/\" \/>\n<meta property=\"og:site_name\" content=\"Travel Insight\" \/>\n<meta property=\"article:publisher\" content=\"https:\/\/fr-fr.facebook.com\/travelinsightfr\/\" \/>\n<meta property=\"article:published_time\" content=\"2020-11-09T10:06:32+00:00\" \/>\n<meta property=\"og:image\" content=\"https:\/\/www.travel-insight.fr\/wp-content\/uploads\/2020\/11\/ARTICLES-ADONET.jpg\" \/>\n\t<meta property=\"og:image:width\" content=\"1185\" \/>\n\t<meta property=\"og:image:height\" content=\"854\" \/>\n\t<meta property=\"og:image:type\" content=\"image\/jpeg\" \/>\n<meta name=\"author\" content=\"Stanislas Lucien\" \/>\n<meta name=\"twitter:card\" content=\"summary_large_image\" \/>\n<meta name=\"twitter:creator\" content=\"@https:\/\/twitter.com\/lustanislas?lang=fr\" \/>\n<meta name=\"twitter:site\" content=\"@travelinsightfr\" \/>\n<meta name=\"twitter:label1\" content=\"Scritto da\" \/>\n\t<meta name=\"twitter:data1\" content=\"Stanislas Lucien\" \/>\n\t<meta name=\"twitter:label2\" content=\"Tempo di lettura stimato\" \/>\n\t<meta name=\"twitter:data2\" content=\"7 minuti\" \/>\n<script type=\"application\/ld+json\" class=\"yoast-schema-graph\">{\"@context\":\"https:\\\/\\\/schema.org\",\"@graph\":[{\"@type\":\"Article\",\"@id\":\"https:\\\/\\\/www.travel-insight.fr\\\/it\\\/sostegno-e-acquisizione-del-turismo-la-visione-di-jean-pierre-pinheiro-e-karin-mallet-adonet\\\/#article\",\"isPartOf\":{\"@id\":\"https:\\\/\\\/www.travel-insight.fr\\\/it\\\/sostegno-e-acquisizione-del-turismo-la-visione-di-jean-pierre-pinheiro-e-karin-mallet-adonet\\\/\"},\"author\":{\"name\":\"Stanislas Lucien\",\"@id\":\"https:\\\/\\\/www.travel-insight.fr\\\/it\\\/#\\\/schema\\\/person\\\/2eb584d7c26497ac1a033e25615bb12b\"},\"headline\":\"Sostegno e acquisizione del turismo: la visione di Jean-Pierre Pinheiro e Karin Mallet &#8211; Adonet\",\"datePublished\":\"2020-11-09T10:06:32+00:00\",\"mainEntityOfPage\":{\"@id\":\"https:\\\/\\\/www.travel-insight.fr\\\/it\\\/sostegno-e-acquisizione-del-turismo-la-visione-di-jean-pierre-pinheiro-e-karin-mallet-adonet\\\/\"},\"wordCount\":1383,\"publisher\":{\"@id\":\"https:\\\/\\\/www.travel-insight.fr\\\/it\\\/#organization\"},\"image\":{\"@id\":\"https:\\\/\\\/www.travel-insight.fr\\\/it\\\/sostegno-e-acquisizione-del-turismo-la-visione-di-jean-pierre-pinheiro-e-karin-mallet-adonet\\\/#primaryimage\"},\"thumbnailUrl\":\"https:\\\/\\\/www.travel-insight.fr\\\/wp-content\\\/uploads\\\/2020\\\/11\\\/ARTICLES-ADONET.jpg\",\"articleSection\":[\"Interviste\"],\"inLanguage\":\"it-IT\"},{\"@type\":\"WebPage\",\"@id\":\"https:\\\/\\\/www.travel-insight.fr\\\/it\\\/sostegno-e-acquisizione-del-turismo-la-visione-di-jean-pierre-pinheiro-e-karin-mallet-adonet\\\/\",\"url\":\"https:\\\/\\\/www.travel-insight.fr\\\/it\\\/sostegno-e-acquisizione-del-turismo-la-visione-di-jean-pierre-pinheiro-e-karin-mallet-adonet\\\/\",\"name\":\"Sostegno e acquisizione del turismo: la visione di Jean-Pierre Pinheiro e Karin Mallet - Adonet &#8211; Travel Insight\",\"isPartOf\":{\"@id\":\"https:\\\/\\\/www.travel-insight.fr\\\/it\\\/#website\"},\"primaryImageOfPage\":{\"@id\":\"https:\\\/\\\/www.travel-insight.fr\\\/it\\\/sostegno-e-acquisizione-del-turismo-la-visione-di-jean-pierre-pinheiro-e-karin-mallet-adonet\\\/#primaryimage\"},\"image\":{\"@id\":\"https:\\\/\\\/www.travel-insight.fr\\\/it\\\/sostegno-e-acquisizione-del-turismo-la-visione-di-jean-pierre-pinheiro-e-karin-mallet-adonet\\\/#primaryimage\"},\"thumbnailUrl\":\"https:\\\/\\\/www.travel-insight.fr\\\/wp-content\\\/uploads\\\/2020\\\/11\\\/ARTICLES-ADONET.jpg\",\"datePublished\":\"2020-11-09T10:06:32+00:00\",\"description\":\"Scopri la visione turistica di Karin Mallet dell'Ufficio del Turismo delle Bahamas e di Jean Pierre Pinheiro dell'Ufficio del Turismo del Portogallo per conto di Adonet.\",\"breadcrumb\":{\"@id\":\"https:\\\/\\\/www.travel-insight.fr\\\/it\\\/sostegno-e-acquisizione-del-turismo-la-visione-di-jean-pierre-pinheiro-e-karin-mallet-adonet\\\/#breadcrumb\"},\"inLanguage\":\"it-IT\",\"potentialAction\":[{\"@type\":\"ReadAction\",\"target\":[\"https:\\\/\\\/www.travel-insight.fr\\\/it\\\/sostegno-e-acquisizione-del-turismo-la-visione-di-jean-pierre-pinheiro-e-karin-mallet-adonet\\\/\"]}]},{\"@type\":\"ImageObject\",\"inLanguage\":\"it-IT\",\"@id\":\"https:\\\/\\\/www.travel-insight.fr\\\/it\\\/sostegno-e-acquisizione-del-turismo-la-visione-di-jean-pierre-pinheiro-e-karin-mallet-adonet\\\/#primaryimage\",\"url\":\"https:\\\/\\\/www.travel-insight.fr\\\/wp-content\\\/uploads\\\/2020\\\/11\\\/ARTICLES-ADONET.jpg\",\"contentUrl\":\"https:\\\/\\\/www.travel-insight.fr\\\/wp-content\\\/uploads\\\/2020\\\/11\\\/ARTICLES-ADONET.jpg\",\"width\":1185,\"height\":854},{\"@type\":\"BreadcrumbList\",\"@id\":\"https:\\\/\\\/www.travel-insight.fr\\\/it\\\/sostegno-e-acquisizione-del-turismo-la-visione-di-jean-pierre-pinheiro-e-karin-mallet-adonet\\\/#breadcrumb\",\"itemListElement\":[{\"@type\":\"ListItem\",\"position\":1,\"name\":\"Accueil\",\"item\":\"https:\\\/\\\/www.travel-insight.fr\\\/it\\\/\"},{\"@type\":\"ListItem\",\"position\":2,\"name\":\"Sostegno e acquisizione del turismo: la visione di Jean-Pierre Pinheiro e Karin Mallet &#8211; Adonet\"}]},{\"@type\":\"WebSite\",\"@id\":\"https:\\\/\\\/www.travel-insight.fr\\\/it\\\/#website\",\"url\":\"https:\\\/\\\/www.travel-insight.fr\\\/it\\\/\",\"name\":\"Travel-Insight\",\"description\":\"Agence de communication tourisme\",\"publisher\":{\"@id\":\"https:\\\/\\\/www.travel-insight.fr\\\/it\\\/#organization\"},\"potentialAction\":[{\"@type\":\"SearchAction\",\"target\":{\"@type\":\"EntryPoint\",\"urlTemplate\":\"https:\\\/\\\/www.travel-insight.fr\\\/it\\\/?s={search_term_string}\"},\"query-input\":{\"@type\":\"PropertyValueSpecification\",\"valueRequired\":true,\"valueName\":\"search_term_string\"}}],\"inLanguage\":\"it-IT\"},{\"@type\":\"Organization\",\"@id\":\"https:\\\/\\\/www.travel-insight.fr\\\/it\\\/#organization\",\"name\":\"Travel-Insight\",\"url\":\"https:\\\/\\\/www.travel-insight.fr\\\/it\\\/\",\"logo\":{\"@type\":\"ImageObject\",\"inLanguage\":\"it-IT\",\"@id\":\"https:\\\/\\\/www.travel-insight.fr\\\/it\\\/#\\\/schema\\\/logo\\\/image\\\/\",\"url\":\"https:\\\/\\\/www.travel-insight.fr\\\/wp-content\\\/uploads\\\/2020\\\/06\\\/logo-travel-insight-identit\u00e9-visuelle-agence-influence.jpg\",\"contentUrl\":\"https:\\\/\\\/www.travel-insight.fr\\\/wp-content\\\/uploads\\\/2020\\\/06\\\/logo-travel-insight-identit\u00e9-visuelle-agence-influence.jpg\",\"width\":800,\"height\":800,\"caption\":\"Travel-Insight\"},\"image\":{\"@id\":\"https:\\\/\\\/www.travel-insight.fr\\\/it\\\/#\\\/schema\\\/logo\\\/image\\\/\"},\"sameAs\":[\"https:\\\/\\\/fr-fr.facebook.com\\\/travelinsightfr\\\/\",\"https:\\\/\\\/x.com\\\/travelinsightfr\",\"https:\\\/\\\/www.instagram.com\\\/travelinsightfr\\\/\",\"https:\\\/\\\/www.linkedin.com\\\/company\\\/travel-insight-strat\u00e9gie-digitale-&amp;-e-influence-du-tourisme.\"]},{\"@type\":\"Person\",\"@id\":\"https:\\\/\\\/www.travel-insight.fr\\\/it\\\/#\\\/schema\\\/person\\\/2eb584d7c26497ac1a033e25615bb12b\",\"name\":\"Stanislas Lucien\",\"image\":{\"@type\":\"ImageObject\",\"inLanguage\":\"it-IT\",\"@id\":\"https:\\\/\\\/secure.gravatar.com\\\/avatar\\\/c991db95e2f3a51755573d538e908a82c805ab5e872d0c3c348868e5e518a5f1?s=96&d=mm&r=g\",\"url\":\"https:\\\/\\\/secure.gravatar.com\\\/avatar\\\/c991db95e2f3a51755573d538e908a82c805ab5e872d0c3c348868e5e518a5f1?s=96&d=mm&r=g\",\"contentUrl\":\"https:\\\/\\\/secure.gravatar.com\\\/avatar\\\/c991db95e2f3a51755573d538e908a82c805ab5e872d0c3c348868e5e518a5f1?s=96&d=mm&r=g\",\"caption\":\"Stanislas Lucien\"},\"description\":\"C\u2019est un geek, il cr\u00e9e des sites et optimise le SEO pour \u00ab s\u2019amuser \u00bb le week-end pendant qu\u2019on regarde les s\u00e9ries recommand\u00e9es par Jeanne. Mais ce passionn\u00e9 de techno et du web sait aussi communiquer et trouver le meilleur moyen pour g\u00e9n\u00e9rer du trafic ! L\u2019administratif, c\u2019est son quotidien, la communication digitale, une vocation. Il nous envoie d\u2019ailleurs un gif chaque jour, sur sa deuxi\u00e8me passion : la bonne table.\",\"sameAs\":[\"https:\\\/\\\/www.travel-insight.fr\\\/\",\"https:\\\/\\\/www.linkedin.com\\\/in\\\/stanislaslucien\\\/\",\"https:\\\/\\\/x.com\\\/https:\\\/\\\/twitter.com\\\/lustanislas?lang=fr\"],\"url\":\"https:\\\/\\\/www.travel-insight.fr\\\/it\\\/author\\\/admin\\\/\"}]}<\/script>\n<!-- \/ Yoast SEO Premium plugin. -->","yoast_head_json":{"title":"Sostegno e acquisizione del turismo: la visione di Jean-Pierre Pinheiro e Karin Mallet - Adonet &#8211; Travel Insight","description":"Scopri la visione turistica di Karin Mallet dell'Ufficio del Turismo delle Bahamas e di Jean Pierre Pinheiro dell'Ufficio del Turismo del Portogallo per conto di Adonet.","robots":{"index":"index","follow":"follow","max-snippet":"max-snippet:-1","max-image-preview":"max-image-preview:large","max-video-preview":"max-video-preview:-1"},"canonical":"https:\/\/www.travel-insight.fr\/it\/sostegno-e-acquisizione-del-turismo-la-visione-di-jean-pierre-pinheiro-e-karin-mallet-adonet\/","og_locale":"it_IT","og_type":"article","og_title":"Sostegno e acquisizione del turismo: la visione di Jean-Pierre Pinheiro e Karin Mallet - Adonet","og_description":"Scopri la visione turistica di Karin Mallet dell'Ufficio del Turismo delle Bahamas e di Jean Pierre Pinheiro dell'Ufficio del Turismo del Portogallo per conto di Adonet.","og_url":"https:\/\/www.travel-insight.fr\/it\/sostegno-e-acquisizione-del-turismo-la-visione-di-jean-pierre-pinheiro-e-karin-mallet-adonet\/","og_site_name":"Travel Insight","article_publisher":"https:\/\/fr-fr.facebook.com\/travelinsightfr\/","article_published_time":"2020-11-09T10:06:32+00:00","og_image":[{"width":1185,"height":854,"url":"https:\/\/www.travel-insight.fr\/wp-content\/uploads\/2020\/11\/ARTICLES-ADONET.jpg","type":"image\/jpeg"}],"author":"Stanislas Lucien","twitter_card":"summary_large_image","twitter_creator":"@https:\/\/twitter.com\/lustanislas?lang=fr","twitter_site":"@travelinsightfr","twitter_misc":{"Scritto da":"Stanislas Lucien","Tempo di lettura stimato":"7 minuti"},"schema":{"@context":"https:\/\/schema.org","@graph":[{"@type":"Article","@id":"https:\/\/www.travel-insight.fr\/it\/sostegno-e-acquisizione-del-turismo-la-visione-di-jean-pierre-pinheiro-e-karin-mallet-adonet\/#article","isPartOf":{"@id":"https:\/\/www.travel-insight.fr\/it\/sostegno-e-acquisizione-del-turismo-la-visione-di-jean-pierre-pinheiro-e-karin-mallet-adonet\/"},"author":{"name":"Stanislas Lucien","@id":"https:\/\/www.travel-insight.fr\/it\/#\/schema\/person\/2eb584d7c26497ac1a033e25615bb12b"},"headline":"Sostegno e acquisizione del turismo: la visione di Jean-Pierre Pinheiro e Karin Mallet &#8211; Adonet","datePublished":"2020-11-09T10:06:32+00:00","mainEntityOfPage":{"@id":"https:\/\/www.travel-insight.fr\/it\/sostegno-e-acquisizione-del-turismo-la-visione-di-jean-pierre-pinheiro-e-karin-mallet-adonet\/"},"wordCount":1383,"publisher":{"@id":"https:\/\/www.travel-insight.fr\/it\/#organization"},"image":{"@id":"https:\/\/www.travel-insight.fr\/it\/sostegno-e-acquisizione-del-turismo-la-visione-di-jean-pierre-pinheiro-e-karin-mallet-adonet\/#primaryimage"},"thumbnailUrl":"https:\/\/www.travel-insight.fr\/wp-content\/uploads\/2020\/11\/ARTICLES-ADONET.jpg","articleSection":["Interviste"],"inLanguage":"it-IT"},{"@type":"WebPage","@id":"https:\/\/www.travel-insight.fr\/it\/sostegno-e-acquisizione-del-turismo-la-visione-di-jean-pierre-pinheiro-e-karin-mallet-adonet\/","url":"https:\/\/www.travel-insight.fr\/it\/sostegno-e-acquisizione-del-turismo-la-visione-di-jean-pierre-pinheiro-e-karin-mallet-adonet\/","name":"Sostegno e acquisizione del turismo: la visione di Jean-Pierre Pinheiro e Karin Mallet - Adonet &#8211; Travel Insight","isPartOf":{"@id":"https:\/\/www.travel-insight.fr\/it\/#website"},"primaryImageOfPage":{"@id":"https:\/\/www.travel-insight.fr\/it\/sostegno-e-acquisizione-del-turismo-la-visione-di-jean-pierre-pinheiro-e-karin-mallet-adonet\/#primaryimage"},"image":{"@id":"https:\/\/www.travel-insight.fr\/it\/sostegno-e-acquisizione-del-turismo-la-visione-di-jean-pierre-pinheiro-e-karin-mallet-adonet\/#primaryimage"},"thumbnailUrl":"https:\/\/www.travel-insight.fr\/wp-content\/uploads\/2020\/11\/ARTICLES-ADONET.jpg","datePublished":"2020-11-09T10:06:32+00:00","description":"Scopri la visione turistica di Karin Mallet dell'Ufficio del Turismo delle Bahamas e di Jean Pierre Pinheiro dell'Ufficio del Turismo del Portogallo per conto di Adonet.","breadcrumb":{"@id":"https:\/\/www.travel-insight.fr\/it\/sostegno-e-acquisizione-del-turismo-la-visione-di-jean-pierre-pinheiro-e-karin-mallet-adonet\/#breadcrumb"},"inLanguage":"it-IT","potentialAction":[{"@type":"ReadAction","target":["https:\/\/www.travel-insight.fr\/it\/sostegno-e-acquisizione-del-turismo-la-visione-di-jean-pierre-pinheiro-e-karin-mallet-adonet\/"]}]},{"@type":"ImageObject","inLanguage":"it-IT","@id":"https:\/\/www.travel-insight.fr\/it\/sostegno-e-acquisizione-del-turismo-la-visione-di-jean-pierre-pinheiro-e-karin-mallet-adonet\/#primaryimage","url":"https:\/\/www.travel-insight.fr\/wp-content\/uploads\/2020\/11\/ARTICLES-ADONET.jpg","contentUrl":"https:\/\/www.travel-insight.fr\/wp-content\/uploads\/2020\/11\/ARTICLES-ADONET.jpg","width":1185,"height":854},{"@type":"BreadcrumbList","@id":"https:\/\/www.travel-insight.fr\/it\/sostegno-e-acquisizione-del-turismo-la-visione-di-jean-pierre-pinheiro-e-karin-mallet-adonet\/#breadcrumb","itemListElement":[{"@type":"ListItem","position":1,"name":"Accueil","item":"https:\/\/www.travel-insight.fr\/it\/"},{"@type":"ListItem","position":2,"name":"Sostegno e acquisizione del turismo: la visione di Jean-Pierre Pinheiro e Karin Mallet &#8211; Adonet"}]},{"@type":"WebSite","@id":"https:\/\/www.travel-insight.fr\/it\/#website","url":"https:\/\/www.travel-insight.fr\/it\/","name":"Travel-Insight","description":"Agence de communication tourisme","publisher":{"@id":"https:\/\/www.travel-insight.fr\/it\/#organization"},"potentialAction":[{"@type":"SearchAction","target":{"@type":"EntryPoint","urlTemplate":"https:\/\/www.travel-insight.fr\/it\/?s={search_term_string}"},"query-input":{"@type":"PropertyValueSpecification","valueRequired":true,"valueName":"search_term_string"}}],"inLanguage":"it-IT"},{"@type":"Organization","@id":"https:\/\/www.travel-insight.fr\/it\/#organization","name":"Travel-Insight","url":"https:\/\/www.travel-insight.fr\/it\/","logo":{"@type":"ImageObject","inLanguage":"it-IT","@id":"https:\/\/www.travel-insight.fr\/it\/#\/schema\/logo\/image\/","url":"https:\/\/www.travel-insight.fr\/wp-content\/uploads\/2020\/06\/logo-travel-insight-identit\u00e9-visuelle-agence-influence.jpg","contentUrl":"https:\/\/www.travel-insight.fr\/wp-content\/uploads\/2020\/06\/logo-travel-insight-identit\u00e9-visuelle-agence-influence.jpg","width":800,"height":800,"caption":"Travel-Insight"},"image":{"@id":"https:\/\/www.travel-insight.fr\/it\/#\/schema\/logo\/image\/"},"sameAs":["https:\/\/fr-fr.facebook.com\/travelinsightfr\/","https:\/\/x.com\/travelinsightfr","https:\/\/www.instagram.com\/travelinsightfr\/","https:\/\/www.linkedin.com\/company\/travel-insight-strat\u00e9gie-digitale-&amp;-e-influence-du-tourisme."]},{"@type":"Person","@id":"https:\/\/www.travel-insight.fr\/it\/#\/schema\/person\/2eb584d7c26497ac1a033e25615bb12b","name":"Stanislas Lucien","image":{"@type":"ImageObject","inLanguage":"it-IT","@id":"https:\/\/secure.gravatar.com\/avatar\/c991db95e2f3a51755573d538e908a82c805ab5e872d0c3c348868e5e518a5f1?s=96&d=mm&r=g","url":"https:\/\/secure.gravatar.com\/avatar\/c991db95e2f3a51755573d538e908a82c805ab5e872d0c3c348868e5e518a5f1?s=96&d=mm&r=g","contentUrl":"https:\/\/secure.gravatar.com\/avatar\/c991db95e2f3a51755573d538e908a82c805ab5e872d0c3c348868e5e518a5f1?s=96&d=mm&r=g","caption":"Stanislas Lucien"},"description":"C\u2019est un geek, il cr\u00e9e des sites et optimise le SEO pour \u00ab s\u2019amuser \u00bb le week-end pendant qu\u2019on regarde les s\u00e9ries recommand\u00e9es par Jeanne. Mais ce passionn\u00e9 de techno et du web sait aussi communiquer et trouver le meilleur moyen pour g\u00e9n\u00e9rer du trafic ! L\u2019administratif, c\u2019est son quotidien, la communication digitale, une vocation. Il nous envoie d\u2019ailleurs un gif chaque jour, sur sa deuxi\u00e8me passion : la bonne table.","sameAs":["https:\/\/www.travel-insight.fr\/","https:\/\/www.linkedin.com\/in\/stanislaslucien\/","https:\/\/x.com\/https:\/\/twitter.com\/lustanislas?lang=fr"],"url":"https:\/\/www.travel-insight.fr\/it\/author\/admin\/"}]}},"featured_image_src":"https:\/\/www.travel-insight.fr\/wp-content\/uploads\/2020\/11\/ARTICLES-ADONET-600x400.jpg","featured_image_src_square":"https:\/\/www.travel-insight.fr\/wp-content\/uploads\/2020\/11\/ARTICLES-ADONET-600x600.jpg","author_info":{"display_name":"Stanislas Lucien","author_link":"https:\/\/www.travel-insight.fr\/it\/author\/admin\/"},"_links":{"self":[{"href":"https:\/\/www.travel-insight.fr\/it\/wp-json\/wp\/v2\/posts\/18333","targetHints":{"allow":["GET"]}}],"collection":[{"href":"https:\/\/www.travel-insight.fr\/it\/wp-json\/wp\/v2\/posts"}],"about":[{"href":"https:\/\/www.travel-insight.fr\/it\/wp-json\/wp\/v2\/types\/post"}],"author":[{"embeddable":true,"href":"https:\/\/www.travel-insight.fr\/it\/wp-json\/wp\/v2\/users\/1"}],"replies":[{"embeddable":true,"href":"https:\/\/www.travel-insight.fr\/it\/wp-json\/wp\/v2\/comments?post=18333"}],"version-history":[{"count":0,"href":"https:\/\/www.travel-insight.fr\/it\/wp-json\/wp\/v2\/posts\/18333\/revisions"}],"wp:featuredmedia":[{"embeddable":true,"href":"https:\/\/www.travel-insight.fr\/it\/wp-json\/wp\/v2\/media\/13130"}],"wp:attachment":[{"href":"https:\/\/www.travel-insight.fr\/it\/wp-json\/wp\/v2\/media?parent=18333"}],"wp:term":[{"taxonomy":"category","embeddable":true,"href":"https:\/\/www.travel-insight.fr\/it\/wp-json\/wp\/v2\/categories?post=18333"},{"taxonomy":"post_tag","embeddable":true,"href":"https:\/\/www.travel-insight.fr\/it\/wp-json\/wp\/v2\/tags?post=18333"}],"curies":[{"name":"wp","href":"https:\/\/api.w.org\/{rel}","templated":true}]}}