{"id":18655,"date":"2022-10-07T17:48:10","date_gmt":"2022-10-07T15:48:10","guid":{"rendered":"https:\/\/www.travel-insight.fr\/como-dar-a-conocer-un-acontecimiento\/"},"modified":"2024-09-02T16:22:17","modified_gmt":"2024-09-02T14:22:17","slug":"como-dar-a-conocer-un-acontecimiento","status":"publish","type":"post","link":"https:\/\/www.travel-insight.fr\/es\/como-dar-a-conocer-un-acontecimiento\/","title":{"rendered":"\u00bfC\u00f3mo dar a conocer un acontecimiento?"},"content":{"rendered":"\n<p>\u00bfC\u00f3mo dar a conocer un acontecimiento?<\/p>\n\n<p>El caso de la<a href=\"https:\/\/www.salon-de-la-plongee.com\/fr\/accueil.html\"> <strong>Exposici\u00f3n Internacional de Buceo<\/strong><\/a><\/p>\n\n<p class=\"has-text-align-justify\">Entrevista con <strong>H\u00e9l\u00e8ne de Tayrac, Presidenta del Sal\u00f3n Internacional del Buceo<\/strong><\/p>\n\n<p><\/p>\n\n<p class=\"has-text-align-justify\">El Sal\u00f3n Internacional de la Plong\u00e9e Sous-Marine es LA cita ineludible para los profesionales y aficionados al submarinismo.<\/p>\n<div class=\"wp-block-image\">\n<figure class=\"aligncenter size-large is-resized\"><img fetchpriority=\"high\" decoding=\"async\" class=\"wp-image-6797 aligncenter\" img=\"\" src=\"https:\/\/www.travel-insight.fr\/wp-content\/uploads\/2022\/10\/logo-generique-fd-blanc-grand-1024x718.jpg\" alt=\"\" width=\"512\" height=\"359\"\/><\/figure><\/div>\n<p class=\"has-text-align-justify\">M\u00e1s que una feria comercial, es un acontecimiento por derecho propio, con salas de conferencias, exposiciones fotogr\u00e1ficas y una piscina climatizada donde los visitantes pueden probarlo todo, desde una primera inmersi\u00f3n con un campe\u00f3n de apnea hasta descubrir el submarinismo con instructores especializados.<\/p>\n\n<p class=\"has-text-align-justify\">\u00bfC\u00f3mo elevar el perfil de un acontecimiento para atraer visitantes, buceadores, viajeros y amantes de los oc\u00e9anos?<\/p>\n\n<p class=\"has-text-align-justify\">Conoce a H\u00e9l\u00e8ne de Tayrac, Presidenta del Sal\u00f3n Internacional del Buceo Submarino<\/p>\n\n<p><strong><u>Preguntas :<\/u><\/strong><\/p>\n\n<p class=\"has-text-align-justify\"><strong>1 &#8211; \u00bfPuedes hablarnos un poco de ti y de tu evento?  <\/strong><\/p>\n\n<p class=\"has-text-align-justify\">Cuando decid\u00ed, hace 25 a\u00f1os, aceptar el reto de satisfacer las expectativas de los buceadores que so\u00f1aban con su propio evento, \u00e9ste no fue mi primer intento de organizaci\u00f3n y comunicaci\u00f3n.<\/p>\n\n<p class=\"has-text-align-justify\">Tras licenciarme en la EFAP (escuela francesa de jefes de prensa), empec\u00e9 mi carrera en el complejo mundo de la medicina, que conozco un poco por mis antecedentes familiares, como responsable de comunicaci\u00f3n en el Instituto Gustave Roussy de Villejuif, donde fui responsable de la puesta en marcha de la 1\u00aa &#8220;Casa Ronald Mac Donald&#8221; en Francia (un hogar para padres de ni\u00f1os hospitalizados).<\/p>\n\n<p class=\"has-text-align-justify\">En 1996, \u00a1el horizonte cambi\u00f3!\nEn la agencia Eleuthera, me encargaba de las relaciones con la prensa de Albert Uderzo, el padre de Ast\u00e9rix, a quien acompa\u00f1\u00e9 en el lanzamiento de su 30\u00ba \u00e1lbum, &#8220;La gal\u00e8re d&#8217;Ob\u00e9lix&#8221;. <\/p>\n\n<p class=\"has-text-align-justify\">En 1998, con s\u00f3lidas referencias y energ\u00eda de sobra, decid\u00ed crear mi propia agencia de comunicaci\u00f3n y fund\u00e9 HP Communication. A ra\u00edz de ello, cre\u00e9 el primer evento 100% dedicado al submarinismo&#8230;\nLe Salon de la Plong\u00e9e Sous-Marine. <\/p>\n\n<p class=\"has-text-align-justify\">Desde entonces, me he convertido en una figura importante en la escena subacu\u00e1tica mundial.<\/p>\n\n<p class=\"has-text-align-justify\">Mi audacia, intuici\u00f3n, energ\u00eda y percepci\u00f3n visionaria del propio acto de bucear me valieron incluso un puesto en el Sal\u00f3n de la Fama de las Mujeres Buceadoras (WDHOF) en 2020.\nHay muy pocas mujeres europeas en este c\u00edrculo tan exclusivo: esta nominaci\u00f3n reconoce, entre otras cosas, mi compromiso inquebrantable al frente del Salon International de la Plong\u00e9e Sous-Marine, un evento reconocido en todo el mundo por su dinamismo y la calidad de sus servicios. <\/p>\n\n<p class=\"has-text-align-justify\">En un mundo de entusiastas, s\u00e9 mejor que nadie c\u00f3mo destacar las innovaciones, las grandes ideas, el papel de la mujer y la influencia positiva del buceo en la sociedad contempor\u00e1nea.<\/p>\n\n<p class=\"has-text-align-justify\">El submarinismo representa un sector econ\u00f3mico por derecho propio mucho mayor de lo que la mayor\u00eda de la gente imagina.<\/p>\n\n<p class=\"has-text-align-justify\">La idea de crear un sal\u00f3n surgi\u00f3 de la necesidad de que los implicados en este campo se reunieran para conocer a su p\u00fablico, ya fueran aficionados o profesionales.\nCada vez m\u00e1s orientado hacia el placer, el ocio y el esp\u00edritu &#8220;zen&#8221;, el Sal\u00f3n de la Plong\u00e9e contribuye al desarrollo de todas las actividades relacionadas con el mundo subacu\u00e1tico. <\/p>\n\n<p class=\"has-text-align-justify\">Para nosotros, cada edici\u00f3n tiene que tener un nuevo aspecto.\nEl evento es siempre una oportunidad para dar la bienvenida a nuevos expositores y ofrecer nuevos espect\u00e1culos. <\/p>\n\n<p class=\"has-text-align-justify\">Despu\u00e9s de 24 a\u00f1os, la Exposici\u00f3n Internacional de Buceo sigue creciendo.\nEl evento es reconocido y apreciado en todo el mundo, y a lo largo de los a\u00f1os su organizaci\u00f3n se ha convertido en un referente de calidad y \u00e9xito en el sector de las Ferias y Exposiciones. <\/p>\n\n<p class=\"has-text-align-justify\">Adem\u00e1s del evento anual de 4 d\u00edas, el Sal\u00f3n de la Plong\u00e9e participa, e incluso coorganiza, la mayor\u00eda de las operaciones destinadas a desarrollar el buceo en Francia.<\/p>\n\n<p class=\"has-text-align-justify\"><strong>2 &#8211; \u00bfCu\u00e1l es tu estrategia de comunicaci\u00f3n actual para atraer a tu objetivo principal, es decir, buceadores y amantes del oc\u00e9ano?<\/strong><\/p>\n\n<p class=\"has-text-align-justify\">El buceo sigue siendo demasiado poco conocido para el gran p\u00fablico.\nMeter la cabeza bajo el agua y descubrir las maravillas del mundo submarino atrae a la gente pero, al mismo tiempo, da miedo. <\/p>\n\n<p class=\"has-text-align-justify\">Porque para nosotros, el Sal\u00f3n es el escaparate esencial para desarrollar la actividad, y nuestro objetivo es democratizar esta actividad para atraer cada vez a m\u00e1s personas a practicarla, ya sea para unas inmersiones o para despertar una pasi\u00f3n.<\/p>\n\n<p class=\"has-text-align-justify\">Para la pr\u00f3xima edici\u00f3n, queremos elevar el perfil del evento, aumentar el valor del mercado y encontrar nuevos objetivos para atraer a una poblaci\u00f3n m\u00e1s joven y menos experimentada.<\/p>\n\n<p class=\"has-text-align-justify\">Todos los aficionados al buceo est\u00e1n familiarizados con el Sal\u00f3n, y est\u00e1n presentes expositores de todo el mundo, algunos desde la primera edici\u00f3n.<\/p>\n\n<p class=\"has-text-align-justify\">Pero el objetivo de este a\u00f1o es aumentar a\u00fan m\u00e1s la notoriedad del acontecimiento y conquistar a todos los amantes del mar y de los viajes.<\/p>\n\n<p class=\"has-text-align-justify\"><strong>3 &#8211; \u00bfPor qu\u00e9 elegisteis Travel-Insight para ayudaros a gestionar vuestras redes sociales y relaciones con la prensa?<\/strong><\/p>\n<p><div class=\"video-container\"><iframe src=\"https:\/\/www.facebook.com\/plugins\/post.php?href=https%3A%2F%2Fwww.facebook.com%2Fsalondelaplongeesousmarine%2Fposts%2Fpfbid0288c6cXEY3bSDXgaUtLPuemzjgU6RY4RSTm2fRYjFEihuje9zrq16s4288kqZejPSl&amp;show_text=true&amp;width=500\" width=\"500\" height=\"679\" style=\"border:none;overflow:hidden\" scrolling=\"no\" frameborder=\"0\" allowfullscreen=\"true\" allow=\"autoplay; clipboard-write; encrypted-media; picture-in-picture; web-share\"><\/iframe><\/div><\/p>\n\n<p class=\"has-text-align-justify\">Para su <sup>24\u00aa<\/sup> edici\u00f3n, hemos decidido invertir en comunicaciones dirigidas al p\u00fablico en general con el fin de aumentar a\u00fan m\u00e1s el n\u00famero de visitantes y elevar el perfil de nuestra oferta.<\/p>\n\n<p class=\"has-text-align-justify\">Para lograr estos objetivos, la organizaci\u00f3n eligi\u00f3 trabajar con la agencia Travel-Insight para las relaciones con la prensa y las comunicaciones digitales.<\/p>\n\n<p class=\"has-text-align-justify\">Fue en un encuentro casual cuando conocimos a la agencia Travel-Insight.\nDe un encuentro a otro, la colaboraci\u00f3n entre el Sal\u00f3n y la agencia se convirti\u00f3 en algo natural. <\/p>\n\n<p class=\"has-text-align-justify\">Aprovechando la experiencia de Travel-Insight y las competencias de su personal, pretendemos insuflar nueva vida al evento.<\/p>\n\n<p class=\"has-text-align-justify\"><strong>4 &#8211; \u00bfTienes algo nuevo que compartir con nosotros para esta edici\u00f3n de 2023?<\/strong><\/p>\n\n<p class=\"has-text-align-justify\">Los buceadores son testigos privilegiados de los cambios del medio marino.\n\u00bfQu\u00e9 m\u00e1s pueden hacer para que nuestros hijos disfruten de un mar m\u00e1s rico que el actual?\n\u00bfC\u00f3mo podemos avanzar hacia un buceo m\u00e1s sostenible que el actual?\n\u00bfC\u00f3mo podemos dar ejemplo?   <\/p>\n\n<p class=\"has-text-align-justify\">El Salon de la plong\u00e9e 2023 se compromete e invita a expositores y visitantes a participar.\nEl evento de este a\u00f1o ser\u00e1 una oportunidad para mostrar los esfuerzos de todos por promover el buceo sostenible. <\/p>\n\n<p class=\"has-text-align-justify\">El pr\u00f3ximo mes de enero se celebrar\u00e1 la primera conferencia de buceo sostenible.\nTodos los d\u00edas se organizar\u00e1n debates para conseguir que, en 2024, la forma en que exploramos el mundo marino y conocemos a las criaturas que lo habitan sea m\u00e1s armoniosa. <\/p>\n\n<p class=\"has-text-align-justify\">Desde una alfombra 100% reciclable hasta el reciclaje del neopreno, desde un espect\u00e1culo en directo para sensibilizar al p\u00fablico hasta la firma de una carta para los expositores, se han programado multitud de actividades y actos en torno a este tema.<\/p>\n\n<p class=\"has-text-align-justify\"><strong>5 &#8211; \u00bfQu\u00e9 mensaje te gustar\u00eda transmitir a los profesionales del turismo y a los viajeros?<\/strong><\/p>\n\n<p class=\"has-text-align-justify\">Protegemos lo que conocemos.\nProtegemos lo que amamos. <\/p>\n\n<p class=\"has-text-align-justify\">Cuantas m\u00e1s personas metan la cabeza bajo el agua, m\u00e1s se conocer\u00e1 el mundo submarino y m\u00e1s lo protegeremos.\nInvitando a bucear a todos los viajeros y a los amantes de los nuevos descubrimientos, estamos ayudando a proteger nuestros oc\u00e9anos y todas las especies que viven en ellos. <\/p>\n\n<p class=\"has-text-align-justify\">\u00bfViajas?\nEntonces t\u00f3mate unas horas para descubrir el mundo submarino y te sorprender\u00e1s. <\/p>\n\n<p class=\"has-text-align-justify\">El agua cubre el 80% de la Tierra.\nVisitar la parte terrestre significa limitarse al 20% del paisaje.\nOrganizando viajes mitad aire, mitad agua, los profesionales del turismo podr\u00e1n enriquecer su oferta y ofrecer a los viajeros un programa m\u00e1s completo.  <\/p>\n\n<p class=\"has-text-align-justify\"><strong>6 &#8211; \u00bfUna \u00faltima palabra?<\/strong><\/p>\n\n<p class=\"has-text-align-justify\">En un momento en que las nuevas tecnolog\u00edas nos proporcionan una gran cantidad y variedad de informaci\u00f3n y una comunicaci\u00f3n r\u00e1pida, es m\u00e1s necesario que nunca crear una sensaci\u00f3n de proximidad y convivencia.\nEncontrarse en los pasillos de una feria significa verse, charlar e intercambiar ideas.   <\/p>\n\n<p class=\"has-text-align-justify\">Al reunir a entusiastas del buceo, conservacionistas de los oc\u00e9anos y especialistas, el Sal\u00f3n crea una relaci\u00f3n \u00fanica entre visitantes, expositores, expertos y especialistas.<\/p>\n\n<p class=\"has-text-align-justify\">En eso consiste el Sal\u00f3n de la Plong\u00e9e Sous-Marine: un gran encuentro, por supuesto, pero sobre todo un lugar de verdaderos intercambios y encuentros.<\/p>\n","protected":false},"excerpt":{"rendered":"<p>\u00bfC\u00f3mo dar a conocer un acontecimiento? El caso de la Exposici\u00f3n Internacional de Buceo Entrevista con H\u00e9l\u00e8ne de Tayrac, Presidenta del Sal\u00f3n Internacional del Buceo El Sal\u00f3n Internacional de la Plong\u00e9e Sous-Marine es LA cita ineludible para los profesionales y aficionados al submarinismo. M\u00e1s que una feria comercial, es un acontecimiento por derecho propio, con&hellip; <a class=\"more-link\" href=\"https:\/\/www.travel-insight.fr\/es\/como-dar-a-conocer-un-acontecimiento\/\">Continue reading <span class=\"screen-reader-text\">\u00bfC\u00f3mo dar a conocer un acontecimiento?<\/span><\/a><\/p>\n","protected":false},"author":1,"featured_media":15367,"comment_status":"closed","ping_status":"closed","sticky":false,"template":"","format":"standard","meta":{"_acf_changed":false,"footnotes":""},"categories":[589],"tags":[],"class_list":["post-18655","post","type-post","status-publish","format-standard","has-post-thumbnail","hentry","category-entrevistas","entry"],"acf":[],"yoast_head":"<!-- This site is optimized with the Yoast SEO Premium plugin v23.4 (Yoast SEO v27.5) - https:\/\/yoast.com\/product\/yoast-seo-premium-wordpress\/ -->\n<title>\u00bfC\u00f3mo dar a conocer un acontecimiento? &#8211; Travel Insight<\/title>\n<meta name=\"robots\" content=\"index, follow, max-snippet:-1, max-image-preview:large, max-video-preview:-1\" \/>\n<link rel=\"canonical\" href=\"https:\/\/www.travel-insight.fr\/es\/como-dar-a-conocer-un-acontecimiento\/\" \/>\n<meta property=\"og:locale\" content=\"es_ES\" \/>\n<meta property=\"og:type\" content=\"article\" \/>\n<meta property=\"og:title\" content=\"\u00bfC\u00f3mo dar a conocer un acontecimiento?\" \/>\n<meta property=\"og:description\" content=\"\u00bfC\u00f3mo dar a conocer un acontecimiento? El caso de la Exposici\u00f3n Internacional de Buceo Entrevista con H\u00e9l\u00e8ne de Tayrac, Presidenta del Sal\u00f3n Internacional del Buceo El Sal\u00f3n Internacional de la Plong\u00e9e Sous-Marine es LA cita ineludible para los profesionales y aficionados al submarinismo. M\u00e1s que una feria comercial, es un acontecimiento por derecho propio, con&hellip; Continue reading \u00bfC\u00f3mo dar a conocer un acontecimiento?\" \/>\n<meta property=\"og:url\" content=\"https:\/\/www.travel-insight.fr\/es\/como-dar-a-conocer-un-acontecimiento\/\" \/>\n<meta property=\"og:site_name\" content=\"Travel Insight\" \/>\n<meta property=\"article:publisher\" content=\"https:\/\/fr-fr.facebook.com\/travelinsightfr\/\" \/>\n<meta property=\"article:published_time\" content=\"2022-10-07T15:48:10+00:00\" \/>\n<meta property=\"article:modified_time\" content=\"2024-09-02T14:22:17+00:00\" \/>\n<meta property=\"og:image\" content=\"https:\/\/www.travel-insight.fr\/wp-content\/uploads\/2022\/10\/ARTICLES-2022-copie-5.jpg\" \/>\n\t<meta property=\"og:image:width\" content=\"1200\" \/>\n\t<meta property=\"og:image:height\" content=\"675\" \/>\n\t<meta property=\"og:image:type\" content=\"image\/jpeg\" \/>\n<meta name=\"author\" content=\"Stanislas Lucien\" \/>\n<meta name=\"twitter:card\" content=\"summary_large_image\" \/>\n<meta name=\"twitter:creator\" content=\"@https:\/\/twitter.com\/lustanislas?lang=fr\" \/>\n<meta name=\"twitter:site\" content=\"@travelinsightfr\" \/>\n<meta name=\"twitter:label1\" content=\"Escrito por\" \/>\n\t<meta name=\"twitter:data1\" content=\"Stanislas Lucien\" \/>\n\t<meta name=\"twitter:label2\" content=\"Tiempo de lectura\" \/>\n\t<meta name=\"twitter:data2\" content=\"7 minutos\" \/>\n<script type=\"application\/ld+json\" class=\"yoast-schema-graph\">{\"@context\":\"https:\\\/\\\/schema.org\",\"@graph\":[{\"@type\":\"Article\",\"@id\":\"https:\\\/\\\/www.travel-insight.fr\\\/es\\\/como-dar-a-conocer-un-acontecimiento\\\/#article\",\"isPartOf\":{\"@id\":\"https:\\\/\\\/www.travel-insight.fr\\\/es\\\/como-dar-a-conocer-un-acontecimiento\\\/\"},\"author\":{\"name\":\"Stanislas Lucien\",\"@id\":\"https:\\\/\\\/www.travel-insight.fr\\\/es\\\/#\\\/schema\\\/person\\\/2eb584d7c26497ac1a033e25615bb12b\"},\"headline\":\"\u00bfC\u00f3mo dar a conocer un acontecimiento?\",\"datePublished\":\"2022-10-07T15:48:10+00:00\",\"dateModified\":\"2024-09-02T14:22:17+00:00\",\"mainEntityOfPage\":{\"@id\":\"https:\\\/\\\/www.travel-insight.fr\\\/es\\\/como-dar-a-conocer-un-acontecimiento\\\/\"},\"wordCount\":1398,\"publisher\":{\"@id\":\"https:\\\/\\\/www.travel-insight.fr\\\/es\\\/#organization\"},\"image\":{\"@id\":\"https:\\\/\\\/www.travel-insight.fr\\\/es\\\/como-dar-a-conocer-un-acontecimiento\\\/#primaryimage\"},\"thumbnailUrl\":\"https:\\\/\\\/www.travel-insight.fr\\\/wp-content\\\/uploads\\\/2022\\\/10\\\/ARTICLES-2022-copie-5.jpg\",\"articleSection\":[\"Entrevistas\"],\"inLanguage\":\"es\"},{\"@type\":\"WebPage\",\"@id\":\"https:\\\/\\\/www.travel-insight.fr\\\/es\\\/como-dar-a-conocer-un-acontecimiento\\\/\",\"url\":\"https:\\\/\\\/www.travel-insight.fr\\\/es\\\/como-dar-a-conocer-un-acontecimiento\\\/\",\"name\":\"\u00bfC\u00f3mo dar a conocer un acontecimiento? &#8211; Travel Insight\",\"isPartOf\":{\"@id\":\"https:\\\/\\\/www.travel-insight.fr\\\/es\\\/#website\"},\"primaryImageOfPage\":{\"@id\":\"https:\\\/\\\/www.travel-insight.fr\\\/es\\\/como-dar-a-conocer-un-acontecimiento\\\/#primaryimage\"},\"image\":{\"@id\":\"https:\\\/\\\/www.travel-insight.fr\\\/es\\\/como-dar-a-conocer-un-acontecimiento\\\/#primaryimage\"},\"thumbnailUrl\":\"https:\\\/\\\/www.travel-insight.fr\\\/wp-content\\\/uploads\\\/2022\\\/10\\\/ARTICLES-2022-copie-5.jpg\",\"datePublished\":\"2022-10-07T15:48:10+00:00\",\"dateModified\":\"2024-09-02T14:22:17+00:00\",\"breadcrumb\":{\"@id\":\"https:\\\/\\\/www.travel-insight.fr\\\/es\\\/como-dar-a-conocer-un-acontecimiento\\\/#breadcrumb\"},\"inLanguage\":\"es\",\"potentialAction\":[{\"@type\":\"ReadAction\",\"target\":[\"https:\\\/\\\/www.travel-insight.fr\\\/es\\\/como-dar-a-conocer-un-acontecimiento\\\/\"]}]},{\"@type\":\"ImageObject\",\"inLanguage\":\"es\",\"@id\":\"https:\\\/\\\/www.travel-insight.fr\\\/es\\\/como-dar-a-conocer-un-acontecimiento\\\/#primaryimage\",\"url\":\"https:\\\/\\\/www.travel-insight.fr\\\/wp-content\\\/uploads\\\/2022\\\/10\\\/ARTICLES-2022-copie-5.jpg\",\"contentUrl\":\"https:\\\/\\\/www.travel-insight.fr\\\/wp-content\\\/uploads\\\/2022\\\/10\\\/ARTICLES-2022-copie-5.jpg\",\"width\":1200,\"height\":675},{\"@type\":\"BreadcrumbList\",\"@id\":\"https:\\\/\\\/www.travel-insight.fr\\\/es\\\/como-dar-a-conocer-un-acontecimiento\\\/#breadcrumb\",\"itemListElement\":[{\"@type\":\"ListItem\",\"position\":1,\"name\":\"Accueil\",\"item\":\"https:\\\/\\\/www.travel-insight.fr\\\/es\\\/\"},{\"@type\":\"ListItem\",\"position\":2,\"name\":\"\u00bfC\u00f3mo dar a conocer un acontecimiento?\"}]},{\"@type\":\"WebSite\",\"@id\":\"https:\\\/\\\/www.travel-insight.fr\\\/es\\\/#website\",\"url\":\"https:\\\/\\\/www.travel-insight.fr\\\/es\\\/\",\"name\":\"Travel-Insight\",\"description\":\"Agence de communication tourisme\",\"publisher\":{\"@id\":\"https:\\\/\\\/www.travel-insight.fr\\\/es\\\/#organization\"},\"potentialAction\":[{\"@type\":\"SearchAction\",\"target\":{\"@type\":\"EntryPoint\",\"urlTemplate\":\"https:\\\/\\\/www.travel-insight.fr\\\/es\\\/?s={search_term_string}\"},\"query-input\":{\"@type\":\"PropertyValueSpecification\",\"valueRequired\":true,\"valueName\":\"search_term_string\"}}],\"inLanguage\":\"es\"},{\"@type\":\"Organization\",\"@id\":\"https:\\\/\\\/www.travel-insight.fr\\\/es\\\/#organization\",\"name\":\"Travel-Insight\",\"url\":\"https:\\\/\\\/www.travel-insight.fr\\\/es\\\/\",\"logo\":{\"@type\":\"ImageObject\",\"inLanguage\":\"es\",\"@id\":\"https:\\\/\\\/www.travel-insight.fr\\\/es\\\/#\\\/schema\\\/logo\\\/image\\\/\",\"url\":\"https:\\\/\\\/www.travel-insight.fr\\\/wp-content\\\/uploads\\\/2020\\\/06\\\/logo-travel-insight-identit\u00e9-visuelle-agence-influence.jpg\",\"contentUrl\":\"https:\\\/\\\/www.travel-insight.fr\\\/wp-content\\\/uploads\\\/2020\\\/06\\\/logo-travel-insight-identit\u00e9-visuelle-agence-influence.jpg\",\"width\":800,\"height\":800,\"caption\":\"Travel-Insight\"},\"image\":{\"@id\":\"https:\\\/\\\/www.travel-insight.fr\\\/es\\\/#\\\/schema\\\/logo\\\/image\\\/\"},\"sameAs\":[\"https:\\\/\\\/fr-fr.facebook.com\\\/travelinsightfr\\\/\",\"https:\\\/\\\/x.com\\\/travelinsightfr\",\"https:\\\/\\\/www.instagram.com\\\/travelinsightfr\\\/\",\"https:\\\/\\\/www.linkedin.com\\\/company\\\/travel-insight-strat\u00e9gie-digitale-&amp;-e-influence-du-tourisme.\"]},{\"@type\":\"Person\",\"@id\":\"https:\\\/\\\/www.travel-insight.fr\\\/es\\\/#\\\/schema\\\/person\\\/2eb584d7c26497ac1a033e25615bb12b\",\"name\":\"Stanislas Lucien\",\"image\":{\"@type\":\"ImageObject\",\"inLanguage\":\"es\",\"@id\":\"https:\\\/\\\/secure.gravatar.com\\\/avatar\\\/c991db95e2f3a51755573d538e908a82c805ab5e872d0c3c348868e5e518a5f1?s=96&d=mm&r=g\",\"url\":\"https:\\\/\\\/secure.gravatar.com\\\/avatar\\\/c991db95e2f3a51755573d538e908a82c805ab5e872d0c3c348868e5e518a5f1?s=96&d=mm&r=g\",\"contentUrl\":\"https:\\\/\\\/secure.gravatar.com\\\/avatar\\\/c991db95e2f3a51755573d538e908a82c805ab5e872d0c3c348868e5e518a5f1?s=96&d=mm&r=g\",\"caption\":\"Stanislas Lucien\"},\"description\":\"C\u2019est un geek, il cr\u00e9e des sites et optimise le SEO pour \u00ab s\u2019amuser \u00bb le week-end pendant qu\u2019on regarde les s\u00e9ries recommand\u00e9es par Jeanne. Mais ce passionn\u00e9 de techno et du web sait aussi communiquer et trouver le meilleur moyen pour g\u00e9n\u00e9rer du trafic ! L\u2019administratif, c\u2019est son quotidien, la communication digitale, une vocation. Il nous envoie d\u2019ailleurs un gif chaque jour, sur sa deuxi\u00e8me passion : la bonne table.\",\"sameAs\":[\"https:\\\/\\\/www.travel-insight.fr\\\/\",\"https:\\\/\\\/www.linkedin.com\\\/in\\\/stanislaslucien\\\/\",\"https:\\\/\\\/x.com\\\/https:\\\/\\\/twitter.com\\\/lustanislas?lang=fr\"],\"url\":\"https:\\\/\\\/www.travel-insight.fr\\\/es\\\/author\\\/admin\\\/\"}]}<\/script>\n<!-- \/ Yoast SEO Premium plugin. -->","yoast_head_json":{"title":"\u00bfC\u00f3mo dar a conocer un acontecimiento? &#8211; Travel Insight","robots":{"index":"index","follow":"follow","max-snippet":"max-snippet:-1","max-image-preview":"max-image-preview:large","max-video-preview":"max-video-preview:-1"},"canonical":"https:\/\/www.travel-insight.fr\/es\/como-dar-a-conocer-un-acontecimiento\/","og_locale":"es_ES","og_type":"article","og_title":"\u00bfC\u00f3mo dar a conocer un acontecimiento?","og_description":"\u00bfC\u00f3mo dar a conocer un acontecimiento? El caso de la Exposici\u00f3n Internacional de Buceo Entrevista con H\u00e9l\u00e8ne de Tayrac, Presidenta del Sal\u00f3n Internacional del Buceo El Sal\u00f3n Internacional de la Plong\u00e9e Sous-Marine es LA cita ineludible para los profesionales y aficionados al submarinismo. M\u00e1s que una feria comercial, es un acontecimiento por derecho propio, con&hellip; Continue reading \u00bfC\u00f3mo dar a conocer un acontecimiento?","og_url":"https:\/\/www.travel-insight.fr\/es\/como-dar-a-conocer-un-acontecimiento\/","og_site_name":"Travel Insight","article_publisher":"https:\/\/fr-fr.facebook.com\/travelinsightfr\/","article_published_time":"2022-10-07T15:48:10+00:00","article_modified_time":"2024-09-02T14:22:17+00:00","og_image":[{"width":1200,"height":675,"url":"https:\/\/www.travel-insight.fr\/wp-content\/uploads\/2022\/10\/ARTICLES-2022-copie-5.jpg","type":"image\/jpeg"}],"author":"Stanislas Lucien","twitter_card":"summary_large_image","twitter_creator":"@https:\/\/twitter.com\/lustanislas?lang=fr","twitter_site":"@travelinsightfr","twitter_misc":{"Escrito por":"Stanislas Lucien","Tiempo de lectura":"7 minutos"},"schema":{"@context":"https:\/\/schema.org","@graph":[{"@type":"Article","@id":"https:\/\/www.travel-insight.fr\/es\/como-dar-a-conocer-un-acontecimiento\/#article","isPartOf":{"@id":"https:\/\/www.travel-insight.fr\/es\/como-dar-a-conocer-un-acontecimiento\/"},"author":{"name":"Stanislas Lucien","@id":"https:\/\/www.travel-insight.fr\/es\/#\/schema\/person\/2eb584d7c26497ac1a033e25615bb12b"},"headline":"\u00bfC\u00f3mo dar a conocer un acontecimiento?","datePublished":"2022-10-07T15:48:10+00:00","dateModified":"2024-09-02T14:22:17+00:00","mainEntityOfPage":{"@id":"https:\/\/www.travel-insight.fr\/es\/como-dar-a-conocer-un-acontecimiento\/"},"wordCount":1398,"publisher":{"@id":"https:\/\/www.travel-insight.fr\/es\/#organization"},"image":{"@id":"https:\/\/www.travel-insight.fr\/es\/como-dar-a-conocer-un-acontecimiento\/#primaryimage"},"thumbnailUrl":"https:\/\/www.travel-insight.fr\/wp-content\/uploads\/2022\/10\/ARTICLES-2022-copie-5.jpg","articleSection":["Entrevistas"],"inLanguage":"es"},{"@type":"WebPage","@id":"https:\/\/www.travel-insight.fr\/es\/como-dar-a-conocer-un-acontecimiento\/","url":"https:\/\/www.travel-insight.fr\/es\/como-dar-a-conocer-un-acontecimiento\/","name":"\u00bfC\u00f3mo dar a conocer un acontecimiento? &#8211; Travel Insight","isPartOf":{"@id":"https:\/\/www.travel-insight.fr\/es\/#website"},"primaryImageOfPage":{"@id":"https:\/\/www.travel-insight.fr\/es\/como-dar-a-conocer-un-acontecimiento\/#primaryimage"},"image":{"@id":"https:\/\/www.travel-insight.fr\/es\/como-dar-a-conocer-un-acontecimiento\/#primaryimage"},"thumbnailUrl":"https:\/\/www.travel-insight.fr\/wp-content\/uploads\/2022\/10\/ARTICLES-2022-copie-5.jpg","datePublished":"2022-10-07T15:48:10+00:00","dateModified":"2024-09-02T14:22:17+00:00","breadcrumb":{"@id":"https:\/\/www.travel-insight.fr\/es\/como-dar-a-conocer-un-acontecimiento\/#breadcrumb"},"inLanguage":"es","potentialAction":[{"@type":"ReadAction","target":["https:\/\/www.travel-insight.fr\/es\/como-dar-a-conocer-un-acontecimiento\/"]}]},{"@type":"ImageObject","inLanguage":"es","@id":"https:\/\/www.travel-insight.fr\/es\/como-dar-a-conocer-un-acontecimiento\/#primaryimage","url":"https:\/\/www.travel-insight.fr\/wp-content\/uploads\/2022\/10\/ARTICLES-2022-copie-5.jpg","contentUrl":"https:\/\/www.travel-insight.fr\/wp-content\/uploads\/2022\/10\/ARTICLES-2022-copie-5.jpg","width":1200,"height":675},{"@type":"BreadcrumbList","@id":"https:\/\/www.travel-insight.fr\/es\/como-dar-a-conocer-un-acontecimiento\/#breadcrumb","itemListElement":[{"@type":"ListItem","position":1,"name":"Accueil","item":"https:\/\/www.travel-insight.fr\/es\/"},{"@type":"ListItem","position":2,"name":"\u00bfC\u00f3mo dar a conocer un acontecimiento?"}]},{"@type":"WebSite","@id":"https:\/\/www.travel-insight.fr\/es\/#website","url":"https:\/\/www.travel-insight.fr\/es\/","name":"Travel-Insight","description":"Agence de communication tourisme","publisher":{"@id":"https:\/\/www.travel-insight.fr\/es\/#organization"},"potentialAction":[{"@type":"SearchAction","target":{"@type":"EntryPoint","urlTemplate":"https:\/\/www.travel-insight.fr\/es\/?s={search_term_string}"},"query-input":{"@type":"PropertyValueSpecification","valueRequired":true,"valueName":"search_term_string"}}],"inLanguage":"es"},{"@type":"Organization","@id":"https:\/\/www.travel-insight.fr\/es\/#organization","name":"Travel-Insight","url":"https:\/\/www.travel-insight.fr\/es\/","logo":{"@type":"ImageObject","inLanguage":"es","@id":"https:\/\/www.travel-insight.fr\/es\/#\/schema\/logo\/image\/","url":"https:\/\/www.travel-insight.fr\/wp-content\/uploads\/2020\/06\/logo-travel-insight-identit\u00e9-visuelle-agence-influence.jpg","contentUrl":"https:\/\/www.travel-insight.fr\/wp-content\/uploads\/2020\/06\/logo-travel-insight-identit\u00e9-visuelle-agence-influence.jpg","width":800,"height":800,"caption":"Travel-Insight"},"image":{"@id":"https:\/\/www.travel-insight.fr\/es\/#\/schema\/logo\/image\/"},"sameAs":["https:\/\/fr-fr.facebook.com\/travelinsightfr\/","https:\/\/x.com\/travelinsightfr","https:\/\/www.instagram.com\/travelinsightfr\/","https:\/\/www.linkedin.com\/company\/travel-insight-strat\u00e9gie-digitale-&amp;-e-influence-du-tourisme."]},{"@type":"Person","@id":"https:\/\/www.travel-insight.fr\/es\/#\/schema\/person\/2eb584d7c26497ac1a033e25615bb12b","name":"Stanislas Lucien","image":{"@type":"ImageObject","inLanguage":"es","@id":"https:\/\/secure.gravatar.com\/avatar\/c991db95e2f3a51755573d538e908a82c805ab5e872d0c3c348868e5e518a5f1?s=96&d=mm&r=g","url":"https:\/\/secure.gravatar.com\/avatar\/c991db95e2f3a51755573d538e908a82c805ab5e872d0c3c348868e5e518a5f1?s=96&d=mm&r=g","contentUrl":"https:\/\/secure.gravatar.com\/avatar\/c991db95e2f3a51755573d538e908a82c805ab5e872d0c3c348868e5e518a5f1?s=96&d=mm&r=g","caption":"Stanislas Lucien"},"description":"C\u2019est un geek, il cr\u00e9e des sites et optimise le SEO pour \u00ab s\u2019amuser \u00bb le week-end pendant qu\u2019on regarde les s\u00e9ries recommand\u00e9es par Jeanne. Mais ce passionn\u00e9 de techno et du web sait aussi communiquer et trouver le meilleur moyen pour g\u00e9n\u00e9rer du trafic ! L\u2019administratif, c\u2019est son quotidien, la communication digitale, une vocation. Il nous envoie d\u2019ailleurs un gif chaque jour, sur sa deuxi\u00e8me passion : la bonne table.","sameAs":["https:\/\/www.travel-insight.fr\/","https:\/\/www.linkedin.com\/in\/stanislaslucien\/","https:\/\/x.com\/https:\/\/twitter.com\/lustanislas?lang=fr"],"url":"https:\/\/www.travel-insight.fr\/es\/author\/admin\/"}]}},"featured_image_src":"https:\/\/www.travel-insight.fr\/wp-content\/uploads\/2022\/10\/ARTICLES-2022-copie-5-600x400.jpg","featured_image_src_square":"https:\/\/www.travel-insight.fr\/wp-content\/uploads\/2022\/10\/ARTICLES-2022-copie-5-600x600.jpg","author_info":{"display_name":"Stanislas Lucien","author_link":"https:\/\/www.travel-insight.fr\/es\/author\/admin\/"},"_links":{"self":[{"href":"https:\/\/www.travel-insight.fr\/es\/wp-json\/wp\/v2\/posts\/18655","targetHints":{"allow":["GET"]}}],"collection":[{"href":"https:\/\/www.travel-insight.fr\/es\/wp-json\/wp\/v2\/posts"}],"about":[{"href":"https:\/\/www.travel-insight.fr\/es\/wp-json\/wp\/v2\/types\/post"}],"author":[{"embeddable":true,"href":"https:\/\/www.travel-insight.fr\/es\/wp-json\/wp\/v2\/users\/1"}],"replies":[{"embeddable":true,"href":"https:\/\/www.travel-insight.fr\/es\/wp-json\/wp\/v2\/comments?post=18655"}],"version-history":[{"count":1,"href":"https:\/\/www.travel-insight.fr\/es\/wp-json\/wp\/v2\/posts\/18655\/revisions"}],"predecessor-version":[{"id":18657,"href":"https:\/\/www.travel-insight.fr\/es\/wp-json\/wp\/v2\/posts\/18655\/revisions\/18657"}],"wp:featuredmedia":[{"embeddable":true,"href":"https:\/\/www.travel-insight.fr\/es\/wp-json\/wp\/v2\/media\/15367"}],"wp:attachment":[{"href":"https:\/\/www.travel-insight.fr\/es\/wp-json\/wp\/v2\/media?parent=18655"}],"wp:term":[{"taxonomy":"category","embeddable":true,"href":"https:\/\/www.travel-insight.fr\/es\/wp-json\/wp\/v2\/categories?post=18655"},{"taxonomy":"post_tag","embeddable":true,"href":"https:\/\/www.travel-insight.fr\/es\/wp-json\/wp\/v2\/tags?post=18655"}],"curies":[{"name":"wp","href":"https:\/\/api.w.org\/{rel}","templated":true}]}}